{"id":66313,"date":"2019-11-02T06:31:00","date_gmt":"2019-11-02T10:31:00","guid":{"rendered":"https:\/\/linitiative.ca\/International\/abdelkader-bensalah-met-fin-aux-fonctions-du-general-major-cherif-zerrad\/"},"modified":"2019-11-02T06:31:00","modified_gmt":"2019-11-02T10:31:00","slug":"abdelkader-bensalah-met-fin-aux-fonctions-du-general-major-cherif-zerrad","status":"publish","type":"post","link":"https:\/\/linitiative.ca\/International\/abdelkader-bensalah-met-fin-aux-fonctions-du-general-major-cherif-zerrad\/","title":{"rendered":"Abdelkader Bensalah met fin aux fonctions du g\u00e9n\u00e9ral-major Ch\u00e9rif Zerrad"},"content":{"rendered":"<p>Le Journal officiel a publi\u00e9 un d\u00e9cret pr\u00e9sidentiel du 14 Safar 1441 correspondant au 13 octobre 2019, qui indique qu\u2019il est mis fin, \u00e0 compter du 12 octobre 2019, aux fonctions de chef du d\u00e9partement emploi-pr\u00e9paration de l\u2019\u00e9tat-major de l\u2019Arm\u00e9e Nationale Populaire, exerc\u00e9es par le g\u00e9n\u00e9ral-major Cherif Zerrad.<\/p>\n<p>Il sera remplac\u00e9 par le g\u00e9n\u00e9ral Major Mohamed Bechar comme indique le journal officiel.<\/p>\n<p>R\u00e9daction Web<\/p>\n<p>Auteur: elmoudjahid<br \/>\n<a href=\"http:\/\/www.elmoudjahid.com\/fr\/actualites\/143902\">Cliquez ici pour lire l&rsquo;article depuis sa source.<\/a><\/p>\n","protected":false},"excerpt":{"rendered":"<p>Le Journal officiel a publi\u00e9 un d\u00e9cret pr\u00e9sidentiel du 14 Safar 1441 correspondant au 13 octobre 2019, qui indique qu\u2019il est mis fin, \u00e0 compter du 12 octobre 2019, aux fonctions de chef du d\u00e9partement emploi-pr\u00e9paration de l\u2019\u00e9tat-major de l\u2019Arm\u00e9e Nationale Populaire, exerc\u00e9es par le g\u00e9n\u00e9ral-major Cherif Zerrad. Il sera remplac\u00e9 par le g\u00e9n\u00e9ral Major [&hellip;]<\/p>\n","protected":false},"author":1744,"featured_media":0,"comment_status":"closed","ping_status":"closed","sticky":false,"template":"","format":"standard","meta":{"fifu_image_url":"","fifu_image_alt":"","footnotes":""},"categories":[73,53],"tags":[],"class_list":["post-66313","post","type-post","status-publish","format-standard","hentry","category-actualite","category-algerie"],"_links":{"self":[{"href":"https:\/\/linitiative.ca\/International\/wp-json\/wp\/v2\/posts\/66313","targetHints":{"allow":["GET"]}}],"collection":[{"href":"https:\/\/linitiative.ca\/International\/wp-json\/wp\/v2\/posts"}],"about":[{"href":"https:\/\/linitiative.ca\/International\/wp-json\/wp\/v2\/types\/post"}],"author":[{"embeddable":true,"href":"https:\/\/linitiative.ca\/International\/wp-json\/wp\/v2\/users\/1744"}],"replies":[{"embeddable":true,"href":"https:\/\/linitiative.ca\/International\/wp-json\/wp\/v2\/comments?post=66313"}],"version-history":[{"count":0,"href":"https:\/\/linitiative.ca\/International\/wp-json\/wp\/v2\/posts\/66313\/revisions"}],"wp:attachment":[{"href":"https:\/\/linitiative.ca\/International\/wp-json\/wp\/v2\/media?parent=66313"}],"wp:term":[{"taxonomy":"category","embeddable":true,"href":"https:\/\/linitiative.ca\/International\/wp-json\/wp\/v2\/categories?post=66313"},{"taxonomy":"post_tag","embeddable":true,"href":"https:\/\/linitiative.ca\/International\/wp-json\/wp\/v2\/tags?post=66313"}],"curies":[{"name":"wp","href":"https:\/\/api.w.org\/{rel}","templated":true}]}}