{"id":66319,"date":"2019-11-02T14:32:35","date_gmt":"2019-11-02T18:32:35","guid":{"rendered":"https:\/\/linitiative.ca\/International\/96788-ligue-1-es-setif-je-ne-suis-pas-responsable-de-la-situation-actuelle-du-club\/"},"modified":"2019-11-02T14:32:35","modified_gmt":"2019-11-02T18:32:35","slug":"96788-ligue-1-es-setif-je-ne-suis-pas-responsable-de-la-situation-actuelle-du-club","status":"publish","type":"post","link":"https:\/\/linitiative.ca\/International\/96788-ligue-1-es-setif-je-ne-suis-pas-responsable-de-la-situation-actuelle-du-club\/","title":{"rendered":"Ligue 1-ES S\u00e9tif :\u00a0\u00bb Je ne suis pas responsable de la situation actuelle du club\u00a0\u00bb"},"content":{"rendered":"<p><span class=\"sp-nh-title\">Ould Salek : Aucune tol\u00e9rance \u00e0 l&rsquo;\u00e9gard de toute tentative de changer la mission de la MINURSO<\/span> &#8211; <span class=\"sp-nh-date\">samedi 2 novembre 2019 20:05<\/span><\/p>\n<p><span class=\"sp-nh-title\">Les candidats appellent \u00e0 une forte participation pour l&rsquo;aboutissement de l&rsquo;\u00e9ch\u00e9ance \u00e9lectorale<\/span> &#8211; <span class=\"sp-nh-date\">samedi 2 novembre 2019 19:50<\/span><\/p>\n<p><span class=\"sp-nh-title\">Ligue 1-ES S\u00e9tif : Je ne suis pas responsable de la situation actuelle du club<\/span> &#8211; <span class=\"sp-nh-date\">samedi 2 novembre 2019 19:32<\/span><\/p>\n<p><span class=\"sp-nh-title\">Installation officielle de la commission tamazight \u00e0 l&rsquo;UA<\/span> &#8211; <span class=\"sp-nh-date\">samedi 2 novembre 2019 19:24<\/span><\/p>\n<p><span class=\"sp-nh-title\">Oran: une commission minist\u00e9rielle pour enqu\u00eater sur la situation du centre anti-cancer Emir Abdelkader<\/span> &#8211; <span class=\"sp-nh-date\">samedi 2 novembre 2019 19:09<\/span><\/p>\n<p><span class=\"sp-nh-title\">Sant\u00e9: 220 cas de r\u00e9tinoblastome enregistr\u00e9 chaque ann\u00e9e en Alg\u00e9rie<\/span> &#8211; <span class=\"sp-nh-date\">samedi 2 novembre 2019 18:36<\/span><\/p>\n<p><span class=\"sp-nh-title\">Pr\u00e9sidentielle: R\u00e9cup\u00e9ration de moins d&rsquo;un million de formulaires de souscription de signatures individuelles<\/span> &#8211; <span class=\"sp-nh-date\">samedi 2 novembre 2019 18:27<\/span><\/p>\n<p><span class=\"sp-nh-title\">Festival national des troupes de fanfare : la troupe El Hilal remporte le titre<\/span> &#8211; <span class=\"sp-nh-date\">samedi 2 novembre 2019 18:19<\/span><\/p>\n<p><span class=\"sp-nh-title\">L&rsquo;Alg\u00e9rie condamne fermement l&rsquo;attaque terroriste contre l&rsquo;arm\u00e9e malienne \u00e0 Ansongo<\/span> &#8211; <span class=\"sp-nh-date\">samedi 2 novembre 2019 18:09<\/span><\/p>\n<p><span class=\"sp-nh-title\">Thaourat errijal , nouvelle op\u00e9rette \u00e0 Oran en hommage aux Chouhada<\/span> &#8211; <span class=\"sp-nh-date\">samedi 2 novembre 2019 18:02<\/span><\/p>\n<p><span class=\"sp-nh-title\">La voie de recours \u00e0 suivre par les candidats non retenus par l&rsquo;ANIE<\/span> &#8211; <span class=\"sp-nh-date\">samedi 2 novembre 2019 18:00<\/span><\/p>\n<p><span class=\"sp-nh-title\">N\u00e9cessit\u00e9 de former des praticiens au traitement de la scl\u00e9rose en plaques<\/span> &#8211; <span class=\"sp-nh-date\">samedi 2 novembre 2019 18:00<\/span><\/p>\n<p><span class=\"sp-nh-title\">Salon de cr\u00e9ativit\u00e9 f\u00e9minine: des chefs-d\u2019\u0153uvre traditionnels \u00e0 l\u2019affiche<\/span> &#8211; <span class=\"sp-nh-date\">samedi 2 novembre 2019 18:00<\/span><\/p>\n<p><span class=\"sp-nh-title\">Journ\u00e9es d&rsquo;arts plastiques : attrait des visiteurs pour les toiles sur les traditions de l&rsquo;Ouarsenis<\/span> &#8211; <span class=\"sp-nh-date\">samedi 2 novembre 2019 18:00<\/span><\/p>\n<p><span class=\"sp-nh-title\">Transition \u00e9nerg\u00e9tique : le changement du mod\u00e8le de consommation d&rsquo;abord<\/span> &#8211; <span class=\"sp-nh-date\">samedi 2 novembre 2019 17:55<\/span><\/p>\n<p><span class=\"sp-nh-title\">Cinq candidats en lice pour la Pr\u00e9sidentielle du 12 d\u00e9cembre prochain<\/span> &#8211; <span class=\"sp-nh-date\">samedi 2 novembre 2019 16:27<\/span><\/p>\n<p><span class=\"sp-nh-title\">Prise en charge du cancer : n\u00e9cessit\u00e9 d\u2019 institutionnaliser la concertation pluridisciplinaire<\/span> &#8211; <span class=\"sp-nh-date\">samedi 2 novembre 2019 15:21<\/span><\/p>\n<p><span class=\"sp-nh-title\">FAO: renforcement du partenariat avec l\u2019Organisation de coop\u00e9ration de Shanghai<\/span> &#8211; <span class=\"sp-nh-date\">samedi 2 novembre 2019 15:14<\/span><\/p>\n<p><span class=\"sp-nh-title\">Tennis-Championnats d\u2019Alg\u00e9rie seniors: Youcef Rihane et Yasmine Boudjadi sacr\u00e9s<\/span> &#8211; <span class=\"sp-nh-date\">samedi 2 novembre 2019 14:56<\/span><\/p>\n<p><span class=\"sp-nh-title\">Plus de 35 \u00e9coles au 2e Salon alg\u00e9rien des langues et des s\u00e9jours linguistiques<\/span> &#8211; <span class=\"sp-nh-date\">samedi 2 novembre 2019 14:49<\/span><\/p>\n<p>Auteur:<br \/>\n<a href=\"http:\/\/www.aps.dz\/sport\/96788-ligue-1-es-setif-je-ne-suis-pas-responsable-de-la-situation-actuelle-du-club?utm_source=feedburner&#038;utm_medium=feed&#038;utm_campaign=Feed%3A+aps-sport+%28APS+-+SPORT%29\">Cliquez ici pour lire l&rsquo;article depuis sa source.<\/a><\/p>\n","protected":false},"excerpt":{"rendered":"<p>Ould Salek : Aucune tol\u00e9rance \u00e0 l&rsquo;\u00e9gard de toute tentative de changer la mission de la MINURSO &#8211; samedi 2 novembre 2019 20:05 Les candidats appellent \u00e0 une forte participation pour l&rsquo;aboutissement de l&rsquo;\u00e9ch\u00e9ance \u00e9lectorale &#8211; samedi 2 novembre 2019 19:50 Ligue 1-ES S\u00e9tif : Je ne suis pas responsable de la situation actuelle du [&hellip;]<\/p>\n","protected":false},"author":1790,"featured_media":0,"comment_status":"closed","ping_status":"closed","sticky":false,"template":"","format":"standard","meta":{"fifu_image_url":"","fifu_image_alt":"","footnotes":""},"categories":[53,75],"tags":[],"class_list":["post-66319","post","type-post","status-publish","format-standard","hentry","category-algerie","category-sport"],"_links":{"self":[{"href":"https:\/\/linitiative.ca\/International\/wp-json\/wp\/v2\/posts\/66319","targetHints":{"allow":["GET"]}}],"collection":[{"href":"https:\/\/linitiative.ca\/International\/wp-json\/wp\/v2\/posts"}],"about":[{"href":"https:\/\/linitiative.ca\/International\/wp-json\/wp\/v2\/types\/post"}],"author":[{"embeddable":true,"href":"https:\/\/linitiative.ca\/International\/wp-json\/wp\/v2\/users\/1790"}],"replies":[{"embeddable":true,"href":"https:\/\/linitiative.ca\/International\/wp-json\/wp\/v2\/comments?post=66319"}],"version-history":[{"count":0,"href":"https:\/\/linitiative.ca\/International\/wp-json\/wp\/v2\/posts\/66319\/revisions"}],"wp:attachment":[{"href":"https:\/\/linitiative.ca\/International\/wp-json\/wp\/v2\/media?parent=66319"}],"wp:term":[{"taxonomy":"category","embeddable":true,"href":"https:\/\/linitiative.ca\/International\/wp-json\/wp\/v2\/categories?post=66319"},{"taxonomy":"post_tag","embeddable":true,"href":"https:\/\/linitiative.ca\/International\/wp-json\/wp\/v2\/tags?post=66319"}],"curies":[{"name":"wp","href":"https:\/\/api.w.org\/{rel}","templated":true}]}}