{"id":66320,"date":"2019-11-02T12:58:00","date_gmt":"2019-11-02T16:58:00","guid":{"rendered":"https:\/\/linitiative.ca\/International\/bengrina-affirme-que-la-bande-est-dans-les-rouages-de-letat\/"},"modified":"2019-11-02T12:58:00","modified_gmt":"2019-11-02T16:58:00","slug":"bengrina-affirme-que-la-bande-est-dans-les-rouages-de-letat","status":"publish","type":"post","link":"https:\/\/linitiative.ca\/International\/bengrina-affirme-que-la-bande-est-dans-les-rouages-de-letat\/","title":{"rendered":"Bengrina affirme que \u2018\u2019la bande\u2019\u2019 est dans les rouages de l\u2019Etat !"},"content":{"rendered":"<p><br id=\"sep_para_1\" class=\"sep_para access\"\/><\/p>\n<div id=\"para_1\" class=\"para_33779415 resize\">\n<div class=\"texte access firstletter\">En campagne avant l\u2019heure, Abdelkader Bengrina, a organis\u00e9 ce samedi un rassemblement populaire \u00e0 la salle omnisports de Ch\u00e9raga, une ville situ\u00e9e dans la banlieue ouest d\u2019Alger. Donn\u00e9 parmi les pr\u00e9tendants dont les dossiers de candidature ont \u00e9t\u00e9 retenus par l\u2019Autorit\u00e9 nationale ind\u00e9pendante des \u00e9lections (ANIE), Abdelkader Bengrina, qui s\u2019est autoproclam\u00e9 favori il y a quelques semaines, endosse le costume du vainqueur. Samedi pass\u00e9, devant ses partisans, il a pr\u00e9tendu que \u00ab la bande \u00bb g\u00e9rait toujours certaines institutions de l\u2019Etat. Pour \u00e9tayer ses propos, il cite le cas de quelques directions locales des transports. Ces derni\u00e8res ont, selon lui, refus\u00e9 d\u2019attribuer plus de deux cars \u00e0 ses partisans, pourtant nombreux, pour se rendre \u00e0 Alger. Il n\u2019a pas, toutefois, cit\u00e9 nomm\u00e9ment ces directions, ni d\u2019ailleurs les autres institutions infect\u00e9es par le virus de \u00ab la bande \u00bb. Lors de son meeting de pr\u00e9 campagne, Benrgina a pr\u00e9f\u00e9r\u00e9 galvaniser ses troupes, en appelant \u00e0 ne plus remettre le sort de la jeunesse aux symboles de la bande.<\/div>\n<\/div>\n<p>Auteur: R\u00e9flexion<br \/>\n<a href=\"https:\/\/www.reflexiondz.net\/Bengrina-affirme-que-la-bande-est-dans-les-rouages-de-l-Etat-_a58591.html\">Cliquez ici pour lire l&rsquo;article depuis sa source.<\/a><\/p>\n","protected":false},"excerpt":{"rendered":"<p>En campagne avant l\u2019heure, Abdelkader Bengrina, a organis\u00e9 ce samedi un rassemblement populaire \u00e0 la salle omnisports de Ch\u00e9raga, une ville situ\u00e9e dans la banlieue ouest d\u2019Alger. Donn\u00e9 parmi les pr\u00e9tendants dont les dossiers de candidature ont \u00e9t\u00e9 retenus par l\u2019Autorit\u00e9 nationale ind\u00e9pendante des \u00e9lections (ANIE), Abdelkader Bengrina, qui s\u2019est autoproclam\u00e9 favori il y a [&hellip;]<\/p>\n","protected":false},"author":1740,"featured_media":0,"comment_status":"closed","ping_status":"closed","sticky":false,"template":"","format":"standard","meta":{"fifu_image_url":"","fifu_image_alt":"","footnotes":""},"categories":[53,76],"tags":[],"class_list":["post-66320","post","type-post","status-publish","format-standard","hentry","category-algerie","category-regions"],"_links":{"self":[{"href":"https:\/\/linitiative.ca\/International\/wp-json\/wp\/v2\/posts\/66320","targetHints":{"allow":["GET"]}}],"collection":[{"href":"https:\/\/linitiative.ca\/International\/wp-json\/wp\/v2\/posts"}],"about":[{"href":"https:\/\/linitiative.ca\/International\/wp-json\/wp\/v2\/types\/post"}],"author":[{"embeddable":true,"href":"https:\/\/linitiative.ca\/International\/wp-json\/wp\/v2\/users\/1740"}],"replies":[{"embeddable":true,"href":"https:\/\/linitiative.ca\/International\/wp-json\/wp\/v2\/comments?post=66320"}],"version-history":[{"count":0,"href":"https:\/\/linitiative.ca\/International\/wp-json\/wp\/v2\/posts\/66320\/revisions"}],"wp:attachment":[{"href":"https:\/\/linitiative.ca\/International\/wp-json\/wp\/v2\/media?parent=66320"}],"wp:term":[{"taxonomy":"category","embeddable":true,"href":"https:\/\/linitiative.ca\/International\/wp-json\/wp\/v2\/categories?post=66320"},{"taxonomy":"post_tag","embeddable":true,"href":"https:\/\/linitiative.ca\/International\/wp-json\/wp\/v2\/tags?post=66320"}],"curies":[{"name":"wp","href":"https:\/\/api.w.org\/{rel}","templated":true}]}}