{"id":66324,"date":"2019-11-02T13:07:00","date_gmt":"2019-11-02T17:07:00","guid":{"rendered":"https:\/\/linitiative.ca\/International\/relizane-un-ressortissant-turc-retrouve-pendu\/"},"modified":"2019-11-02T13:07:00","modified_gmt":"2019-11-02T17:07:00","slug":"relizane-un-ressortissant-turc-retrouve-pendu","status":"publish","type":"post","link":"https:\/\/linitiative.ca\/International\/relizane-un-ressortissant-turc-retrouve-pendu\/","title":{"rendered":"RELIZANE  : Un ressortissant  turc retrouv\u00e9 pendu"},"content":{"rendered":"<p><br id=\"sep_para_1\" class=\"sep_para access\"\/><\/p>\n<div id=\"para_1\" class=\"para_33779493 resize\">\n<div class=\"photo shadow left\"><a href=\"javascript:void(0)\" rel=\"https:\/\/www.reflexiondz.net\/photo\/art\/grande\/39026316-33779493.jpg?v=1572715622&#038;ibox\" title=\"RELIZANE : Un ressortissant turc retrouv\u00e9 pendu\"><img decoding=\"async\" class=\"responsive c9\" src=\"https:\/\/www.reflexiondz.net\/photo\/art\/grande\/39026316-33779493.jpg?v=1572715622\" alt=\"RELIZANE : Un ressortissant turc retrouv\u00e9 pendu\" title=\"RELIZANE : Un ressortissant turc retrouv\u00e9 pendu\"\/><img decoding=\"async\" class=\"not-responsive\" src=\"https:\/\/www.reflexiondz.net\/photo\/art\/default\/39026316-33779493.jpg?v=1572715623\" alt=\"RELIZANE : Un ressortissant turc retrouv\u00e9 pendu\" title=\"RELIZANE : Un ressortissant turc retrouv\u00e9 pendu\"\/><\/a><\/div>\n<div class=\"texte access firstletter\">Les \u00e9l\u00e9ments de la Protection Civile ont d\u00e9couvert un corps sans vie apr\u00e8s qu\u2019ils se soient rendus dans l\u2019apr\u00e8s-midi de vendredi 1er novembre au domicile d\u2019un ressortissant turc r\u00e9sident \u00e0 la cit\u00e9 34 logements, cit\u00e9 El-Anassr dans la wilaya de Relizane. Ainsi, dans l\u2019appartement, les pompiers ont d\u00e9couvert un jeune ing\u00e9nieur de nationalit\u00e9 turque \u00e2g\u00e9 de 28 ans pendu \u00e0 une corde. Il \u00e9tait mari\u00e9, p\u00e8re d\u2019une petite fille et travaillait dans une des minoteries de la r\u00e9gion. Apr\u00e8s le constat des lieux, le corps \u00e0 \u00e9t\u00e9 transf\u00e9r\u00e9 \u00e0 la morgue de l\u2019h\u00f4pital Mohamed Boudiaf. Bien que tout porte \u00e0 croire \u00e0 un suicide, une enqu\u00eate a \u00e9t\u00e9 ouverte par les services de la gendarmerie afin de d\u00e9terminer avec exactitude les circonstances de cette mort tragique, rapporte le site Ennahar Online.\u00a0\u00a0\u00a0\u00a0\u00a0\u00a0\u00a0\u00a0\u00a0<\/div>\n<\/div>\n<p>Auteur: Ismain<br \/>\n<a href=\"https:\/\/www.reflexiondz.net\/RELIZANE-Un-ressortissant-turc-retrouve-pendu_a58593.html\">Cliquez ici pour lire l&rsquo;article depuis sa source.<\/a><\/p>\n","protected":false},"excerpt":{"rendered":"<p>Les \u00e9l\u00e9ments de la Protection Civile ont d\u00e9couvert un corps sans vie apr\u00e8s qu\u2019ils se soient rendus dans l\u2019apr\u00e8s-midi de vendredi 1er novembre au domicile d\u2019un ressortissant turc r\u00e9sident \u00e0 la cit\u00e9 34 logements, cit\u00e9 El-Anassr dans la wilaya de Relizane. Ainsi, dans l\u2019appartement, les pompiers ont d\u00e9couvert un jeune ing\u00e9nieur de nationalit\u00e9 turque \u00e2g\u00e9 [&hellip;]<\/p>\n","protected":false},"author":1740,"featured_media":0,"comment_status":"closed","ping_status":"closed","sticky":false,"template":"","format":"standard","meta":{"fifu_image_url":"","fifu_image_alt":"","footnotes":""},"categories":[53,76],"tags":[],"class_list":["post-66324","post","type-post","status-publish","format-standard","hentry","category-algerie","category-regions"],"_links":{"self":[{"href":"https:\/\/linitiative.ca\/International\/wp-json\/wp\/v2\/posts\/66324","targetHints":{"allow":["GET"]}}],"collection":[{"href":"https:\/\/linitiative.ca\/International\/wp-json\/wp\/v2\/posts"}],"about":[{"href":"https:\/\/linitiative.ca\/International\/wp-json\/wp\/v2\/types\/post"}],"author":[{"embeddable":true,"href":"https:\/\/linitiative.ca\/International\/wp-json\/wp\/v2\/users\/1740"}],"replies":[{"embeddable":true,"href":"https:\/\/linitiative.ca\/International\/wp-json\/wp\/v2\/comments?post=66324"}],"version-history":[{"count":0,"href":"https:\/\/linitiative.ca\/International\/wp-json\/wp\/v2\/posts\/66324\/revisions"}],"wp:attachment":[{"href":"https:\/\/linitiative.ca\/International\/wp-json\/wp\/v2\/media?parent=66324"}],"wp:term":[{"taxonomy":"category","embeddable":true,"href":"https:\/\/linitiative.ca\/International\/wp-json\/wp\/v2\/categories?post=66324"},{"taxonomy":"post_tag","embeddable":true,"href":"https:\/\/linitiative.ca\/International\/wp-json\/wp\/v2\/tags?post=66324"}],"curies":[{"name":"wp","href":"https:\/\/api.w.org\/{rel}","templated":true}]}}