{"id":66330,"date":"2019-11-02T04:30:00","date_gmt":"2019-11-02T08:30:00","guid":{"rendered":"https:\/\/linitiative.ca\/International\/cest-bien-de-parler-de-la-palestine-cest-bien-mieux-de-sattaquer-aux-vrais-problemes-des-tunisiens\/"},"modified":"2019-11-02T04:30:00","modified_gmt":"2019-11-02T08:30:00","slug":"cest-bien-de-parler-de-la-palestine-cest-bien-mieux-de-sattaquer-aux-vrais-problemes-des-tunisiens","status":"publish","type":"post","link":"https:\/\/linitiative.ca\/International\/cest-bien-de-parler-de-la-palestine-cest-bien-mieux-de-sattaquer-aux-vrais-problemes-des-tunisiens\/","title":{"rendered":"C&rsquo;est bien de parler de la Palestine, c&rsquo;est bien mieux de s&rsquo;attaquer aux vrais probl\u00e8mes des Tunisiens"},"content":{"rendered":"<p>Jamais le Tunisien n&rsquo;aura eu aussi peur qu&rsquo;en cet automne. Peur pour sa famille, ses enfants, son salaire ou sa pension de retraite et son pays. Peur aussi de cette ambiance oppressante de fin du monde dans laquelle il vivait depuis la mort de B\u00e9ji Ca\u00efd Essebsi. Il est vrai que dans la grisaille des mauvaises nouvelles, il \u00e9tait bien difficile de puiser des raisons de se rassurer depuis qu&rsquo;il avait perdu cette figure tut\u00e9laire que repr\u00e9sentait pour lui l&rsquo;ancien pr\u00e9sident.<br \/>Avec le temps, on a fini par en faire son deuil, d\u2019autant plus que les \u00e9lections pointaient \u00e0 l\u2019horizon. Trois consultations \u00e0 la file pour d\u00e9cider de l\u2019avenir de notre pays, scrut\u00e9es par des milliers d\u2019observateurs et trois cents millions d\u2019Arabes envieux, sevr\u00e9s de d\u00e9mocratie depuis des g\u00e9n\u00e9rations pour se retrouver avec une chambre introuvable, \u00e9miett\u00e9e, o\u00f9 le premier parti n&rsquo;a recueilli que 20% des si\u00e8ges d&rsquo;o\u00f9 l&rsquo;impossibilit\u00e9 de former un gouvernement \u00e0 moins d&rsquo;un sursaut patriotique et un pr\u00e9sident atypique. On aurait voulu se compliquer l&rsquo;existence, on n&rsquo;aurait pas r\u00e9agi diff\u00e9remment.<\/p>\n<p>Inconnu au bataillon il y a quelques mois, le nouveau pr\u00e9sident Ka\u00efs Sa\u00efed l&#8217;emporta largement avec 72, 71% des voix pratiquement sans avoir men\u00e9 campagne et sans\u00ab\u00abceinture politique\u00bb. Juriste, Sa\u00efed est entr\u00e9 en politique sur le tard. Tr\u00e8s vite, il s&rsquo;est taill\u00e9 une belle r\u00e9putation gr\u00e2ce \u00e0 ses analyses, sa force de conviction, mais aussi sa diction, sa voix de stentor et\u00a0 son vocabulaire ch\u00e2ti\u00e9 qui nous rappellent les tribuns orientaux qui enflammaient les foules dans les ann\u00e9es 60.<\/p>\n<p>De toute \u00e9vidence, Sa\u00efed croit \u00e0 la magie du verbe et entend en user autant que possible. Puisse-t-il en faire bon usage. Car on pr\u00e9f\u00e8re qu&rsquo;il s&rsquo;adresse \u00e0 notre intelligence et non \u00e0 nos sentiments, de prendre exemple sur Bourguiba plut\u00f4t que sur Nasser. Malheureusement, ses d\u00e9buts n&rsquo;incitent pas \u00e0 l&rsquo;optimisme.<\/p>\n<p>C&rsquo;est bien de se m\u00ealer \u00e0 la population, d&rsquo;aller au caf\u00e9 du coin, de refuser de s&rsquo;installer au palais de Carthage et de prononcer de beaux discours pour d\u00e9fendre les causes justes, notamment la question palestinienne. Ce serait bien mieux de donner la priorit\u00e9 \u00e0 nos probl\u00e8mes \u00e9conomiques totalement absents dans les deux interventions de Ka\u00efs Sa\u00efed, de revigorer les Tunisiens et de les sensibiliser \u00e0 la citoyennet\u00e9 et \u00e0 la valeur travail. Apr\u00e8s tout la Palestine peut compter sur les pays arabes et tous les peuples \u00e9pris de libert\u00e9 et de justice et ce n&rsquo;est pas l&rsquo;apport de Tunisie qui va faire pencher la balance en sa faveur<\/p>\n<p>Avec ses fragilit\u00e9s, notre pays ne peut pas lutter contre toutes les injustices du monde. Soulever aujourd&rsquo;hui cette affaire en ce moment rel\u00e8ve du donquichottisme.<\/p>\n<p>\u00a0\u00a0\u00a0\u00a0\u00a0\u00a0\u00a0\u00a0\u00a0\u00a0\u00a0\u00a0\u00a0\u00a0\u00a0\u00a0\u00a0\u00a0\u00a0\u00a0\u00a0\u00a0\u00a0\u00a0\u00a0\u00a0\u00a0\u00a0\u00a0\u00a0\u00a0\u00a0\u00a0\u00a0\u00a0\u00a0\u00a0\u00a0\u00a0\u00a0\u00a0\u00a0\u00a0\u00a0\u00a0\u00a0\u00a0\u00a0\u00a0\u00a0\u00a0\u00a0\u00a0\u00a0\u00a0\u00a0\u00a0\u00a0\u00a0\u00a0\u00a0\u00a0\u00a0\u00a0\u00a0\u00a0\u00a0\u00a0\u00a0\u00a0\u00a0\u00a0\u00a0\u00a0\u00a0\u00a0\u00a0\u00a0\u00a0\u00a0\u00a0\u00a0\u00a0\u00a0\u00a0\u00a0\u00a0\u00a0\u00a0\u00a0\u00a0\u00a0\u00a0\u00a0\u00a0\u00a0\u00a0\u00a0\u00a0\u00a0\u00a0\u00a0\u00a0\u00a0\u00a0\u00a0\u00a0\u00a0\u00a0\u00a0\u00a0\u00a0\u00a0\u00a0\u00a0\u00a0\u00a0\u00a0\u00a0\u00a0\u00a0 H\u00e9di B\u00e9hi<br \/>.<br \/>\u00a0<\/p>\n<p>Auteur:<br \/>\n<a href=\"https:\/\/www.leaders.com.tn\/article\/28280-c-est-bien-de-parler-de-la-palestine-c-est-mieux-de-s-attaquer-aux-vrais-problemes-des-tunisiens\">Cliquez ici pour lire l&rsquo;article depuis sa source.<\/a><\/p>\n","protected":false},"excerpt":{"rendered":"<p>Jamais le Tunisien n&rsquo;aura eu aussi peur qu&rsquo;en cet automne. Peur pour sa famille, ses enfants, son salaire ou sa pension de retraite et son pays. Peur aussi de cette ambiance oppressante de fin du monde dans laquelle il vivait depuis la mort de B\u00e9ji Ca\u00efd Essebsi. Il est vrai que dans la grisaille des [&hellip;]<\/p>\n","protected":false},"author":1772,"featured_media":0,"comment_status":"closed","ping_status":"closed","sticky":false,"template":"","format":"standard","meta":{"fifu_image_url":"","fifu_image_alt":"","footnotes":""},"categories":[73,55],"tags":[],"class_list":["post-66330","post","type-post","status-publish","format-standard","hentry","category-actualite","category-tunisie"],"_links":{"self":[{"href":"https:\/\/linitiative.ca\/International\/wp-json\/wp\/v2\/posts\/66330","targetHints":{"allow":["GET"]}}],"collection":[{"href":"https:\/\/linitiative.ca\/International\/wp-json\/wp\/v2\/posts"}],"about":[{"href":"https:\/\/linitiative.ca\/International\/wp-json\/wp\/v2\/types\/post"}],"author":[{"embeddable":true,"href":"https:\/\/linitiative.ca\/International\/wp-json\/wp\/v2\/users\/1772"}],"replies":[{"embeddable":true,"href":"https:\/\/linitiative.ca\/International\/wp-json\/wp\/v2\/comments?post=66330"}],"version-history":[{"count":0,"href":"https:\/\/linitiative.ca\/International\/wp-json\/wp\/v2\/posts\/66330\/revisions"}],"wp:attachment":[{"href":"https:\/\/linitiative.ca\/International\/wp-json\/wp\/v2\/media?parent=66330"}],"wp:term":[{"taxonomy":"category","embeddable":true,"href":"https:\/\/linitiative.ca\/International\/wp-json\/wp\/v2\/categories?post=66330"},{"taxonomy":"post_tag","embeddable":true,"href":"https:\/\/linitiative.ca\/International\/wp-json\/wp\/v2\/tags?post=66330"}],"curies":[{"name":"wp","href":"https:\/\/api.w.org\/{rel}","templated":true}]}}