{"id":66335,"date":"2019-11-02T06:25:07","date_gmt":"2019-11-02T10:25:07","guid":{"rendered":"https:\/\/linitiative.ca\/International\/usfp-le-redemarrage-est-entame\/"},"modified":"2019-11-02T06:25:07","modified_gmt":"2019-11-02T10:25:07","slug":"usfp-le-redemarrage-est-entame","status":"publish","type":"post","link":"https:\/\/linitiative.ca\/International\/usfp-le-redemarrage-est-entame\/","title":{"rendered":"USFP : Le red\u00e9marrage est entam\u00e9"},"content":{"rendered":"<p><strong>Les retrouvailles des Tihadis pourraient augurer un nouvel \u00e9lan pour la pr\u00e9paration d\u2019un congr\u00e8s refondateur.\u00a0<\/strong><\/p>\n<div class=\"c10\"\/>\n<p>La soir\u00e9e anniversaire de la cr\u00e9ation du <strong>Tihad<\/strong> organis\u00e9e au th\u00e9\u00e2tre Mohammed V \u00e0 Rabat a \u00e9t\u00e9 assur\u00e9ment une r\u00e9ussite. Si la r\u00e9affirmation de l\u2019identit\u00e9 de ce parti a constitu\u00e9 le fil conducteur, il y avait aussi un m\u00e9lange de nostalgie et de volont\u00e9 de s\u2019ouvrir sur l\u2019avenir.<\/p>\n<p>Beaucoup d\u2019anciennes figures, qui \u00e9taient en retrait depuis tr\u00e8s longtemps, \u00e9taient pr\u00e9sentes. D\u2019anciens parlementaires, dirigeants syndicalistes, membres du bureau politique, ils \u00e9taient tous l\u00e0, oubliant leurs ranc\u0153urs, l\u2019espace d\u2019une soir\u00e9e. Pour tous les participants, l\u2019enjeu \u00e9tait plus important que la r\u00e9ussite de cette soir\u00e9e.<\/p>\n<p>L\u2019enjeu c\u2019est d\u2019ouvrir une perspective politique permettant le renforcement des structures et surtout le r\u00e9armement conceptuel qui fait d\u00e9faut depuis deux d\u00e9cennies.<\/p>\n<p><strong>L\u2019ouverture : une promesse \u00e0 tenir<\/strong><\/p>\n<p>Le mot cl\u00e9 \u00e9tait l\u2019ouverture. Ouverture sur les Tihadis en d\u00e9saccord avec les choix du parti, qui sont nombreux mais ce n\u2019est pas \u00e9tonnant dans un mouvement o\u00f9 tirer sur l\u2019Etat-major est le sport favori. Mais aussi ouverture sur les autres tendances de la gauche qui vivent des crises existentielles et enfin ouverture sur la soci\u00e9t\u00e9, ce qui est beaucoup plus important.<\/p>\n<p>L\u2019op\u00e9ration <strong>r\u00e9conciliation<\/strong> va durer jusqu\u2019au 30 mars, dans toutes les r\u00e9gions du Maroc, les militants anciens et nouveaux encart\u00e9s auront la lourde t\u00e2che d\u2019entamer un marathon de 18 mois pour pr\u00e9parer le onzi\u00e8me congr\u00e8s. Cette longue pr\u00e9paration est un choix. Elle vise l\u2019expression de toutes les divergences d\u2019analyse, un vrai d\u00e9bat pour qu\u2019\u00e0 la sortie les congressistes adoptent des documents sur la prochaine \u00e9tape historique du pays, en mati\u00e8re de renforcement de la construction d\u00e9mocratique, de choix socio-\u00e9conomique et du r\u00f4le que veut jouer le parti dans l\u2019\u00e9tape \u00e0 venir, c\u2019est tout un programme et la longue dur\u00e9e n\u2019est pas de trop.<\/p>\n<p>En m\u00eame temps, r\u00e9organiser le parti, \u00e9largir ses bases, r\u00e9animer les secteurs, renforcer la Chabiba et l\u2019organisation f\u00e9minine sont des t\u00e2ches imm\u00e9diates et sans s\u2019y atteler le travail intellectuel ne servira pas \u00e0 grand-chose.<\/p>\n<p>L\u2019ouverture sur la gauche ne peut se r\u00e9sumer \u00e0 des contacts d\u2019appareil. C\u2019est l\u2019unit\u00e9 sur des positions en particulier soci\u00e9tales, qui permettra d\u2019avancer vers une gauche plurielle dont l\u2019<strong>USFP<\/strong> ne pourra \u00eatre que le bateau amiral.<\/p>\n<p>D\u2019ailleurs, on apprend que des tendances veulent se dissoudre et cr\u00e9er un nouveau parti. Cela se fera dans les mois \u00e0 venir et pourrait \u00eatre un \u00e9l\u00e9ment de la reconstruction rationalis\u00e9e dans sa diversit\u00e9.<\/p>\n<p>Ce n\u2019est pas une option, c\u2019est une obligation. Pendant 60 ans, la gauche a \u00e9t\u00e9 un acteur incontournable de la vie politique, son \u00e9miettement, a laiss\u00e9 la place aux courants r\u00e9gressifs.<\/p>\n<p>C\u2019est l\u2019instinct de survie qui ranime la flamme.<\/p>\n<div class=\"c17\">\n<fieldset class=\"c16\">\n<legend><strong><span class=\"c11\">Challenge<\/span><span class=\"c12\">news<\/span><\/strong><\/legend>\n<div class=\"c15\">Le meilleur de la r\u00e9daction s\u00e9lectionn\u00e9 par Challenge :<\/p>\n<\/div>\n<\/fieldset>\n<\/div>\n<p>Auteur: Jamal Berraoui<br \/>\n<a href=\"https:\/\/www.challenge.ma\/usfp-le-redemarrage-est-entame-122065\/\">Cliquez ici pour lire l&rsquo;article depuis sa source.<\/a><\/p>\n","protected":false},"excerpt":{"rendered":"<p>Les retrouvailles des Tihadis pourraient augurer un nouvel \u00e9lan pour la pr\u00e9paration d\u2019un congr\u00e8s refondateur.\u00a0 La soir\u00e9e anniversaire de la cr\u00e9ation du Tihad organis\u00e9e au th\u00e9\u00e2tre Mohammed V \u00e0 Rabat a \u00e9t\u00e9 assur\u00e9ment une r\u00e9ussite. Si la r\u00e9affirmation de l\u2019identit\u00e9 de ce parti a constitu\u00e9 le fil conducteur, il y avait aussi un m\u00e9lange de [&hellip;]<\/p>\n","protected":false},"author":1787,"featured_media":0,"comment_status":"closed","ping_status":"closed","sticky":false,"template":"","format":"standard","meta":{"fifu_image_url":"","fifu_image_alt":"","footnotes":""},"categories":[78,54],"tags":[],"class_list":["post-66335","post","type-post","status-publish","format-standard","hentry","category-economie","category-maroc"],"_links":{"self":[{"href":"https:\/\/linitiative.ca\/International\/wp-json\/wp\/v2\/posts\/66335","targetHints":{"allow":["GET"]}}],"collection":[{"href":"https:\/\/linitiative.ca\/International\/wp-json\/wp\/v2\/posts"}],"about":[{"href":"https:\/\/linitiative.ca\/International\/wp-json\/wp\/v2\/types\/post"}],"author":[{"embeddable":true,"href":"https:\/\/linitiative.ca\/International\/wp-json\/wp\/v2\/users\/1787"}],"replies":[{"embeddable":true,"href":"https:\/\/linitiative.ca\/International\/wp-json\/wp\/v2\/comments?post=66335"}],"version-history":[{"count":0,"href":"https:\/\/linitiative.ca\/International\/wp-json\/wp\/v2\/posts\/66335\/revisions"}],"wp:attachment":[{"href":"https:\/\/linitiative.ca\/International\/wp-json\/wp\/v2\/media?parent=66335"}],"wp:term":[{"taxonomy":"category","embeddable":true,"href":"https:\/\/linitiative.ca\/International\/wp-json\/wp\/v2\/categories?post=66335"},{"taxonomy":"post_tag","embeddable":true,"href":"https:\/\/linitiative.ca\/International\/wp-json\/wp\/v2\/tags?post=66335"}],"curies":[{"name":"wp","href":"https:\/\/api.w.org\/{rel}","templated":true}]}}