{"id":66349,"date":"2019-11-02T13:50:04","date_gmt":"2019-11-02T17:50:04","guid":{"rendered":"https:\/\/linitiative.ca\/International\/en-afrique-du-sud-la-victoire-des-springboks-ravive-la-magie-de-mandela\/"},"modified":"2019-11-02T13:50:04","modified_gmt":"2019-11-02T17:50:04","slug":"en-afrique-du-sud-la-victoire-des-springboks-ravive-la-magie-de-mandela","status":"publish","type":"post","link":"https:\/\/linitiative.ca\/International\/en-afrique-du-sud-la-victoire-des-springboks-ravive-la-magie-de-mandela\/","title":{"rendered":"En Afrique du Sud, la victoire des Springboks \u00ab\u00a0ravive la magie\u00a0\u00bb de Mandela"},"content":{"rendered":"<p>\u00ab\u00a0Voir Kolisi brandir le troph\u00e9e, sachant ce que ce pays a travers\u00e9, c\u2019est absolument \u00e9norme\u00a0\u00bb, s\u2019\u00e9poumone Tshenolo Molatedi, un fan de rugby, apr\u00e8s le sacre en Coupe du monde des Springboks et de Siya Kolisi, premier capitaine noir de l\u2019\u00e9quipe sud-africaine, r\u00e9serv\u00e9e pendant des d\u00e9cennies aux seuls Blancs.<\/p>\n<p>\u00ab\u00a0C\u2019est un moment absolument incroyable. J\u2019en ai les larmes aux yeux\u00a0\u00bb, ajoute Tshenolo, jeune Noir de 26 ans. Autour de lui, dans un club de sports de Johannesburg, des dizaines de supporters, blancs et noirs, sautent de joie et s\u2019embrassent.<\/p>\n<p>Siya Kolisi levant le troph\u00e9e Webb-Ellis: le symbole est effectivement tr\u00e8s fort. Pendant le r\u00e9gime raciste de l\u2019apartheid, officiellement tomb\u00e9 en 1994, la minorit\u00e9 blanche avait appropri\u00e9 le rugby comme \u00ab\u00a0son\u00a0\u00bb sport. Et depuis l\u2019av\u00e8nement de la d\u00e9mocratie, la transformation raciale des Springboks s\u2019est faite \u00e0 marche forc\u00e9e, \u00e0 coups notamment de quotas impos\u00e9s par le gouvernement.<\/p>\n<p>\u00ab\u00a0Cela fait vingt-cinq ans qu\u2019on vit en d\u00e9mocratie, mais au cours des vingt-cinq derni\u00e8res ann\u00e9es, les Blancs ont domin\u00e9 le rugby et le reste !\u00a0\u00bb, estime Joseph Mitchell, acteur noir de 50 ans.<\/p>\n<p>\u00ab\u00a0Il \u00e9tait temps que les gens de couleur puissent prouver au monde ce dont on est capable\u00a0\u00bb, ajoute-t-il au Cap (sud-ouest), o\u00f9 il a suivi le match sur \u00e9cran g\u00e9ant.<\/p>\n<p>\u00ab\u00a0Si on donne une chance aux Noirs, ils assurent et aujourd\u2019hui en est la preuve vivante\u00a0\u00bb, poursuit Tsakane Mabunda, un supporter de 45 ans.<\/p>\n<p>Samedi, au Japon, pour la finale de la Coupe du monde, l\u2019Afrique du Sud alignait six joueurs noirs au coup d\u2019envoi. Lors des pr\u00e9c\u00e9dents sacres des Springboks en 1995 et 2007, ils \u00e9taient respectivement seulement un et deux, alors que les Blancs repr\u00e9sentent moins de 10% de la population sud-africaine.<\/p>\n<p>\u00ab\u00a0Aujourd\u2019hui, notre p\u00e8re, Nelson Mandela, sourit depuis le paradis\u00a0\u00bb, s\u2019est r\u00e9joui le prix Nobel de la paix, Desmond Tutu, et ami proche du premier pr\u00e9sident sud-africain noir.<\/p>\n<p>\u00ab\u00a0Siya Kolisi, tr\u00e9sor de la nation\u00a0\u00bb, a-t-il lanc\u00e9, se disant \u00ab\u00a0incroyablement fier d\u2019\u00eatre sud-africain\u00a0\u00bb.<\/p>\n<p>\u2013 \u2018Plus forts ensemble\u2019 \u2013<\/p>\n<p>\u00ab\u00a0On se sent la nation arc-en-ciel\u00a0\u00bb, r\u00eav\u00e9e par Mandela et si souvent mise \u00e0 rude \u00e9preuve, estime Tom Hammonds, un enseignant blanc de 34 ans. \u00ab\u00a0On a beaucoup de probl\u00e8mes, mais le sport nous rassemble toujours.\u00a0\u00bb<\/p>\n<p>Un quart de si\u00e8cle apr\u00e8s la chute du r\u00e9gime de l\u2019apartheid, les tensions raciales continuent de d\u00e9chirer r\u00e9guli\u00e8rement le pays, dans un contexte de fortes disparit\u00e9s \u00e9conomiques.<\/p>\n<p>Le sport est \u00ab\u00a0l\u2019un des plus grands catalyseurs de la coh\u00e9sion sociale et de la construction de la nation\u00a0\u00bb, a r\u00e9agi le Congr\u00e8s national africain (ANC), le parti au pouvoir depuis 1994. \u00ab\u00a0Merci d\u2019avoir raviv\u00e9 la magie de Madiba (nom de clan de Nelson Mandela) et d\u2019avoir fait de notre nation arc-en-ciel une r\u00e9alit\u00e9.\u00a0\u00bb<\/p>\n<p>Au Cap, au coup de sifflet final, la foule hurle de joie. \u00ab\u00a0Regardez autour de vous. Il y a des Noirs, des Blancs (\u2026). Nous sommes tous unis aujourd\u2019hui\u00a0\u00bb, constate Justin Johnson, informaticien noir du Cap. \u00ab\u00a0Les Springboks ont fait plus pour le pays que la politique.\u00a0\u00bb<\/p>\n<p>\u00ab\u00a0Il y a de l\u2019espoir pour l\u2019Afrique du Sud\u00a0\u00bb, encha\u00eene Mbembe Wandisa, un \u00e9tudiant noir de 23 ans.<\/p>\n<p>Cette victoire tombe \u00e0 point nomm\u00e9 pour le pr\u00e9sident sud-africain Cyril Ramaphosa, qui accumule les d\u00e9convenues sur le plan \u00e9conomique.<\/p>\n<p>\u00ab\u00a0On la ram\u00e8ne \u00e0 la maison (la coupe). #PlusFortsEnsemble\u00a0\u00bb, s\u2019est-il exclam\u00e9 sur son compte Twitter, avant d\u2019aller partager sur le terrain de Yokohama (Japon) la victoire avec les joueurs.<\/p>\n<p>Pour l\u2019occasion, il a endoss\u00e9 le maillot jaune et vert des Springboks, comme l\u2019avait fait, dans un geste hautement symbolique, Nelson Mandela lors de la finale de 1995, organis\u00e9e un an seulement apr\u00e8s l\u2019av\u00e8nement de la d\u00e9mocratie.<\/p>\n<p>\u00ab\u00a0En 1995 et 2007, l\u2019embl\u00e8me des Springboks \u00e9tait encore synonyme du vieux r\u00e9gime. Mais aujourd\u2019hui la boucle est boucl\u00e9e\u00a0\u00bb avec la victoire d\u2019une \u00e9quipe sud-africaine emmen\u00e9e par un capitaine noir, estime encore Justin Johnson.<\/p>\n<p>A 28 ans, Siya Kolisi, le gamin des townships \u00e9lev\u00e9 par sa grand-m\u00e8re, redonne espoir aussi aux laiss\u00e9s-pour-compte. \u00ab\u00a0Il n\u2019est pas all\u00e9 dans une \u00e9cole priv\u00e9e. Il vient d\u2019o\u00f9 on vient\u00a0\u00bb, r\u00e9sume Justin Johnson.<\/p>\n<p>Une fois le match termin\u00e9, Siya Kolisi n\u2019en finit pas avec les symboles. Il s\u2019en va vers les tribunes embrasser son \u00e9pouse, blanche, et prendre dans ses bras ses deux enfants m\u00e9tisses. Devant les \u00e9crans en Afrique du Sud, l\u2019\u00e9motion est \u00e0 son comble.<\/p>\n<p>Auteur: AFP<br \/>\n<a href=\"https:\/\/www.journalducameroun.com\/en-afrique-du-sud-la-victoire-des-springboks-ravive-la-magie-de-mandela\/\">Cliquez ici pour lire l&rsquo;article depuis sa source.<\/a><\/p>\n","protected":false},"excerpt":{"rendered":"<p>\u00ab\u00a0Voir Kolisi brandir le troph\u00e9e, sachant ce que ce pays a travers\u00e9, c\u2019est absolument \u00e9norme\u00a0\u00bb, s\u2019\u00e9poumone Tshenolo Molatedi, un fan de rugby, apr\u00e8s le sacre en Coupe du monde des Springboks et de Siya Kolisi, premier capitaine noir de l\u2019\u00e9quipe sud-africaine, r\u00e9serv\u00e9e pendant des d\u00e9cennies aux seuls Blancs. \u00ab\u00a0C\u2019est un moment absolument incroyable. J\u2019en ai [&hellip;]<\/p>\n","protected":false},"author":1965,"featured_media":0,"comment_status":"closed","ping_status":"closed","sticky":false,"template":"","format":"standard","meta":{"fifu_image_url":"","fifu_image_alt":"","footnotes":""},"categories":[73,82],"tags":[],"class_list":["post-66349","post","type-post","status-publish","format-standard","hentry","category-actualite","category-cameroun"],"_links":{"self":[{"href":"https:\/\/linitiative.ca\/International\/wp-json\/wp\/v2\/posts\/66349","targetHints":{"allow":["GET"]}}],"collection":[{"href":"https:\/\/linitiative.ca\/International\/wp-json\/wp\/v2\/posts"}],"about":[{"href":"https:\/\/linitiative.ca\/International\/wp-json\/wp\/v2\/types\/post"}],"author":[{"embeddable":true,"href":"https:\/\/linitiative.ca\/International\/wp-json\/wp\/v2\/users\/1965"}],"replies":[{"embeddable":true,"href":"https:\/\/linitiative.ca\/International\/wp-json\/wp\/v2\/comments?post=66349"}],"version-history":[{"count":0,"href":"https:\/\/linitiative.ca\/International\/wp-json\/wp\/v2\/posts\/66349\/revisions"}],"wp:attachment":[{"href":"https:\/\/linitiative.ca\/International\/wp-json\/wp\/v2\/media?parent=66349"}],"wp:term":[{"taxonomy":"category","embeddable":true,"href":"https:\/\/linitiative.ca\/International\/wp-json\/wp\/v2\/categories?post=66349"},{"taxonomy":"post_tag","embeddable":true,"href":"https:\/\/linitiative.ca\/International\/wp-json\/wp\/v2\/tags?post=66349"}],"curies":[{"name":"wp","href":"https:\/\/api.w.org\/{rel}","templated":true}]}}