{"id":66350,"date":"2019-11-02T14:50:02","date_gmt":"2019-11-02T18:50:02","guid":{"rendered":"https:\/\/linitiative.ca\/International\/un-militaire-francais-tue-au-mali-par-un-engin-explosif\/"},"modified":"2019-11-02T14:50:02","modified_gmt":"2019-11-02T18:50:02","slug":"un-militaire-francais-tue-au-mali-par-un-engin-explosif","status":"publish","type":"post","link":"https:\/\/linitiative.ca\/International\/un-militaire-francais-tue-au-mali-par-un-engin-explosif\/","title":{"rendered":"Un militaire fran\u00e7ais tu\u00e9 au Mali par un engin explosif"},"content":{"rendered":"<div readability=\"32\">\n<p>Publi\u00e9 le 02.11.2019 \u00e0 19h50 par AFP<\/p>\n<\/div>\n<div readability=\"76\">\n<p>Un militaire fran\u00e7ais a \u00e9t\u00e9 tu\u00e9 lors d\u2019une op\u00e9ration samedi matin au Mali, apr\u00e8s \u00ab\u00a0le d\u00e9clenchement d\u2019un engin explosif improvis\u00e9 au passage de son v\u00e9hicule blind\u00e9\u00a0\u00bb, a annonc\u00e9 la pr\u00e9sidence fran\u00e7aise dans un communiqu\u00e9.<\/p>\n<p>La ministre des Arm\u00e9es, Florence Parly, a annonc\u00e9 pour sa part qu\u2019elle se rendrait \u00ab\u00a0tr\u00e8s prochainement au Mali, afin de s\u2019entretenir avec les autorit\u00e9s maliennes\u00a0\u00bb.<\/p>\n<p>La victime, le brigadier Ronan Pointeau, faisait partie du 1er r\u00e9giment de spahis de Valence (sud).<\/p>\n<p>Le pr\u00e9sident Emmanuel Macron a salu\u00e9 \u00ab\u00a0le sacrifice\u00a0\u00bb du militaire, et exprim\u00e9 \u00ab\u00a0ses pens\u00e9es vers ses camarades engag\u00e9s dans les op\u00e9rations au Sahel\u00a0\u00bb, \u00ab\u00a0ainsi que vers leurs fr\u00e8res d\u2019armes des arm\u00e9es sah\u00e9liennes, qui paient un lourd tribut dans la lutte contre le terrorisme\u00a0\u00bb.<\/p>\n<p>M. Macron a assur\u00e9 \u00ab\u00a0de la pleine solidarit\u00e9 de la Nation en ces douloureuses circonstances\u00a0\u00bb.<\/p>\n<p>Selon Florence Parly, le brigadier Ronan Pointeau a succomb\u00e9 \u00e0 ses blessures \u00ab\u00a0apr\u00e8s l\u2019explosion d\u2019un engin explosif improvis\u00e9 pr\u00e8s de M\u00e9naka au Mali\u00a0\u00bb, pr\u00e8s de la fronti\u00e8re avec le Niger.<\/p>\n<p>Vendredi, 49 soldats maliens ont \u00e9t\u00e9 tu\u00e9s pr\u00e8s de M\u00e9naka (nord-est du Mali) au cours d\u2019une \u00ab\u00a0attaque terroriste\u00a0\u00bb attribu\u00e9e aux jihadistes. Cette attaque est l\u2019une des plus grave subies par l\u2019arm\u00e9e malienne.<\/p>\n<p>\u00ab\u00a0Dans un contexte s\u00e9curitaire d\u00e9grad\u00e9, la mort du brigadier Ronan Pointeau nous montre que le combat contre les groupes terroristes qui s\u00e9vissent au Sahel n\u2019est pas termin\u00e9 et notre d\u00e9termination \u00e0 le poursuivre est enti\u00e8re\u00a0\u00bb, a poursuivi la ministre de la D\u00e9fense dans un communiqu\u00e9.<\/p>\n<\/div>\n<p>Auteur: AFP<br \/>\n<a href=\"https:\/\/www.journalducameroun.com\/un-militaire-francais-tue-au-mali-par-un-engin-explosif\/\">Cliquez ici pour lire l&rsquo;article depuis sa source.<\/a><\/p>\n","protected":false},"excerpt":{"rendered":"<p>Publi\u00e9 le 02.11.2019 \u00e0 19h50 par AFP Un militaire fran\u00e7ais a \u00e9t\u00e9 tu\u00e9 lors d\u2019une op\u00e9ration samedi matin au Mali, apr\u00e8s \u00ab\u00a0le d\u00e9clenchement d\u2019un engin explosif improvis\u00e9 au passage de son v\u00e9hicule blind\u00e9\u00a0\u00bb, a annonc\u00e9 la pr\u00e9sidence fran\u00e7aise dans un communiqu\u00e9. La ministre des Arm\u00e9es, Florence Parly, a annonc\u00e9 pour sa part qu\u2019elle se rendrait [&hellip;]<\/p>\n","protected":false},"author":1965,"featured_media":0,"comment_status":"closed","ping_status":"closed","sticky":false,"template":"","format":"standard","meta":{"fifu_image_url":"","fifu_image_alt":"","footnotes":""},"categories":[73,82],"tags":[],"class_list":["post-66350","post","type-post","status-publish","format-standard","hentry","category-actualite","category-cameroun"],"_links":{"self":[{"href":"https:\/\/linitiative.ca\/International\/wp-json\/wp\/v2\/posts\/66350","targetHints":{"allow":["GET"]}}],"collection":[{"href":"https:\/\/linitiative.ca\/International\/wp-json\/wp\/v2\/posts"}],"about":[{"href":"https:\/\/linitiative.ca\/International\/wp-json\/wp\/v2\/types\/post"}],"author":[{"embeddable":true,"href":"https:\/\/linitiative.ca\/International\/wp-json\/wp\/v2\/users\/1965"}],"replies":[{"embeddable":true,"href":"https:\/\/linitiative.ca\/International\/wp-json\/wp\/v2\/comments?post=66350"}],"version-history":[{"count":0,"href":"https:\/\/linitiative.ca\/International\/wp-json\/wp\/v2\/posts\/66350\/revisions"}],"wp:attachment":[{"href":"https:\/\/linitiative.ca\/International\/wp-json\/wp\/v2\/media?parent=66350"}],"wp:term":[{"taxonomy":"category","embeddable":true,"href":"https:\/\/linitiative.ca\/International\/wp-json\/wp\/v2\/categories?post=66350"},{"taxonomy":"post_tag","embeddable":true,"href":"https:\/\/linitiative.ca\/International\/wp-json\/wp\/v2\/tags?post=66350"}],"curies":[{"name":"wp","href":"https:\/\/api.w.org\/{rel}","templated":true}]}}