{"id":66357,"date":"2019-11-03T03:09:24","date_gmt":"2019-11-03T08:09:24","guid":{"rendered":"https:\/\/linitiative.ca\/International\/villes-nouvelles-tamesna-une-ville-integree-et-durable\/"},"modified":"2019-11-03T03:09:24","modified_gmt":"2019-11-03T08:09:24","slug":"villes-nouvelles-tamesna-une-ville-integree-et-durable","status":"publish","type":"post","link":"https:\/\/linitiative.ca\/International\/villes-nouvelles-tamesna-une-ville-integree-et-durable\/","title":{"rendered":"Villes nouvelles : Tamesna, une ville int\u00e9gr\u00e9e et durable"},"content":{"rendered":"<p><img decoding=\"async\" class=\"post_layout_5_img\" src=\"http:\/\/aujourdhui.ma\/wp-content\/uploads\/2019\/10\/Al-Omrane-Tamesna.jpg?x29840\" alt=\"Villes nouvelles : Tamesna, une ville int\u00e9gr\u00e9e et durable\"\/><\/p>\n<p class=\"p1\"><span class=\"s1\"><span class=\"c4\"><strong>Deuxi\u00e8me ville \u00e0 voir le jour dans le cadre du programme villes nouvelles, Tamesna s\u2019\u00e9rige aujourd\u2019hui comme un fleuron urbain moderne.<\/strong><\/span><\/span> <span id=\"more-321889\"\/><\/p>\n<p class=\"p1\"><span class=\"s1\"><a href=\"http:\/\/aujourdhui.ma\/wp-content\/uploads\/2019\/10\/Tamesna-.jpg?x29840\"><img loading=\"lazy\" decoding=\"async\" class=\"wp-image-321938 alignleft\" src=\"http:\/\/aujourdhui.ma\/wp-content\/uploads\/2019\/10\/Tamesna-.jpg?x29840\" alt=\"\" width=\"258\" height=\"411\" srcset=\"http:\/\/aujourdhui.ma\/wp-content\/uploads\/2019\/10\/Tamesna-.jpg 432w, http:\/\/aujourdhui.ma\/wp-content\/uploads\/2019\/10\/Tamesna--188x300.jpg 188w\" sizes=\"auto, (max-width: 258px) 100vw, 258px\"\/><\/a>Ce p\u00f4le ne cesse de voir son attractivit\u00e9 se renforcer offrant ainsi aux 50.000 personnes qui y r\u00e9sident un cadre paisible. Tamesna se d\u00e9veloppe \u00e0 grands pas. Une dynamique qui conforte les ambitions de son am\u00e9nageur Al Omrane \u00e0 la repositionner \u00e0 un haut niveau. Pas plus tard que mars dernier, et en c\u00e9l\u00e9bration du 12\u00e8me anniversaire de la ville, Al Omrane et la tutelle ont pu mesurer de pr\u00e8s l\u2019\u00e9tat d\u2019avancement des projets engag\u00e9s.<\/span><\/p>\n<p class=\"p1\"><span class=\"s1\">Un chantier socio\u00e9conomique et culturel est ouvert au niveau de la ville en vue de renforcer son attractivit\u00e9 et promouvoir la qualit\u00e9 de vie en son sein. Tamesna ayant fait l\u2019objet d\u2019un plan de relance de plus d\u2019un demi-milliard de dirhams confirme son positionnement au niveau national en tant que ville int\u00e9gr\u00e9e et durable. L\u2019approche participative d\u00e9ploy\u00e9e a port\u00e9 ses fruits. La ville compte aujourd\u2019hui 23.000 logements et 4.040 unit\u00e9s de relogements. Elle b\u00e9n\u00e9ficie par ailleurs de toutes les infrastructures de base. Elle dispose d\u2019une station ind\u00e9pendante d\u2019\u00e9puration des eaux us\u00e9es, et d\u2019un r\u00e9seau de routes qui la relie \u00e0 Rabat et<span class=\"Apple-converted-space\">\u00a0<\/span> aux routes nationales et autoroutes.<\/span><\/p>\n<p class=\"p1\"><span class=\"s1\">Tamesna abrite par ailleurs une quarantaine d\u2019administration publiques qui r\u00e9pondent aux besoins des citoyens en s\u00e9curit\u00e9, sant\u00e9, sport et culture. On y trouve \u00e9galement un centre de formation professionnelle, un centre de l\u2019Office national de l\u2019\u00e9lectricit\u00e9 et de l\u2019eau potable, un centre de Gendarmerie Royale et un centre de Protection civile. Sur le plan religieux et \u00e9ducatif, la ville compte 5 mosqu\u00e9es, une maison de culture, une maison de jeunesse et 22 \u00e9tablissements scolaires dont 4 priv\u00e9s.<\/span><\/p>\n<p class=\"p1\"><span class=\"s1\">Les infrastructures sportives sont \u00e9galement disponibles sur le territoire de Tamesna. On note cinq installations sportives dont deux centres sportifs avec cinq terrains de proximit\u00e9, une piscine, un terrain de p\u00e9tanque et une salle d\u2019arts martiaux. Sur le plan sanitaire, trois centres de sant\u00e9 sont construits au niveau de Tamesna. Le volet \u00e9conomique n\u2019est pas en reste. Une zone industrielle est implant\u00e9e au niveau de la ville, en plus d\u2019un march\u00e9 couvert, d\u2019un centre d\u2019activit\u00e9s artisanales, de 136 magasins et un espace de loisirs. Au-del\u00e0 d\u2019\u00eatre une ville int\u00e9gr\u00e9e, Tamesna est avant tout une ville durable. 100 hectares sont allou\u00e9s aux espaces verts dont la moiti\u00e9 est d\u2019ores et d\u00e9j\u00e0 am\u00e9nag\u00e9e.<\/span><\/p>\n<p class=\"p1\"><span class=\"s1\">Tamesna dispose en effet d\u2019un jardin central de 13 hectares ainsi qu\u2019une for\u00eat urbaine et un nouveau parc vert en cours de construction.Notons que le concept des villes nouvelles est venu r\u00e9pondre aux probl\u00e9matiques cruciales de l\u2019habitat. Le but \u00e9tant de r\u00e9duire la pression d\u00e9mographique op\u00e9r\u00e9e sur les grandes cit\u00e9s marocaines. Les nouvelles cit\u00e9s \u0153uvrent \u00e0 pr\u00e9venir et r\u00e9sorber toutes formes d\u2019habitat insalubre. Elles apportent par ailleurs une r\u00e9ponse appropri\u00e9e aux attentes des diff\u00e9rentes couches sociales. Au Maroc, les villes nouvelles sont d\u00e9velopp\u00e9es par trois grandes entit\u00e9s, \u00e0 savoir la CDG, OCP et Al Omrane. Le groupe Al Omrane, dans le cadre de sa mission d\u2019am\u00e9nageur urbain, d\u00e9veloppe en effet 4 nouvelles villes et plus d\u2019une cinquantaine de p\u00f4les urbains.<\/span><\/p>\n<div class=\"base-box mom_box_sc_custom mom_box_sc clear c7\" readability=\"27\">\n<p class=\"p1\"><span class=\"c6\"><strong><span class=\"s1 c5\">Les villes nouvelles d\u2019Al Omrane en bref<\/span><\/strong><\/span><\/p>\n<p class=\"p1\">Outre Tamesna, Al Omrane d\u00e9veloppe trois autres nouvelles villes r\u00e9partiessur de grands axes du Royaume. Il s\u2019agit de :<\/p>\n<p class=\"p1\"><strong>Tamansourt<\/strong><\/p>\n<p><a href=\"http:\/\/aujourdhui.ma\/wp-content\/uploads\/2019\/10\/Al-Omrane-Tamansourt.jpg?x29840\"><img loading=\"lazy\" decoding=\"async\" class=\"alignnone wp-image-321940\" src=\"http:\/\/aujourdhui.ma\/wp-content\/uploads\/2019\/10\/Al-Omrane-Tamansourt.jpg?x29840\" alt=\"\" width=\"360\" height=\"183\" srcset=\"http:\/\/aujourdhui.ma\/wp-content\/uploads\/2019\/10\/Al-Omrane-Tamansourt.jpg 746w, http:\/\/aujourdhui.ma\/wp-content\/uploads\/2019\/10\/Al-Omrane-Tamansourt-300x153.jpg 300w\" sizes=\"auto, (max-width: 360px) 100vw, 360px\"\/><\/a><\/p>\n<p class=\"p3\"><span class=\"s2\">Cette nouvelle ville offre une alternative au d\u00e9veloppement du Grand Marrakech. Elle abrite \u00e0 ce jour 60.000 habitants. Outre son futur p\u00f4le universitaire, cette cit\u00e9 d\u00e9ploie des zones d\u2019activit\u00e9 \u00e9conomiques et d\u2019artisanat. Elle soutient \u00e9galement de nouveaux cr\u00e9neaux comme l\u2019offshoring.<\/span><\/p>\n<p class=\"p1\"><strong>Lakhayata<\/strong><\/p>\n<p><a href=\"http:\/\/aujourdhui.ma\/wp-content\/uploads\/2019\/10\/Al-omrane-Lakhayata.jpg?x29840\"><img loading=\"lazy\" decoding=\"async\" class=\"alignnone wp-image-321939\" src=\"http:\/\/aujourdhui.ma\/wp-content\/uploads\/2019\/10\/Al-omrane-Lakhayata.jpg?x29840\" alt=\"\" width=\"360\" height=\"183\" srcset=\"http:\/\/aujourdhui.ma\/wp-content\/uploads\/2019\/10\/Al-omrane-Lakhayata.jpg 746w, http:\/\/aujourdhui.ma\/wp-content\/uploads\/2019\/10\/Al-omrane-Lakhayata-300x153.jpg 300w\" sizes=\"auto, (max-width: 360px) 100vw, 360px\"\/><\/a><\/p>\n<p class=\"p3\"><span class=\"s2\">Abritant plus de 6.000 habitants, ce p\u00f4le accompagne le d\u00e9veloppement \u00e9conomique de Casablanca en offrant de nouvelles structures d\u2019accueil ainsi que des opportunit\u00e9s pour la mise en valeur de l\u2019arri\u00e8re-pays.<\/span><\/p>\n<p class=\"p1\"><strong>Chrafate<\/strong><\/p>\n<p><a href=\"http:\/\/aujourdhui.ma\/wp-content\/uploads\/2019\/10\/Al-Omrane-Chrafate.jpg?x29840\"><img loading=\"lazy\" decoding=\"async\" class=\"alignnone wp-image-321942\" src=\"http:\/\/aujourdhui.ma\/wp-content\/uploads\/2019\/10\/Al-Omrane-Chrafate.jpg?x29840\" alt=\"\" width=\"360\" height=\"183\" srcset=\"http:\/\/aujourdhui.ma\/wp-content\/uploads\/2019\/10\/Al-Omrane-Chrafate.jpg 746w, http:\/\/aujourdhui.ma\/wp-content\/uploads\/2019\/10\/Al-Omrane-Chrafate-300x153.jpg 300w\" sizes=\"auto, (max-width: 360px) 100vw, 360px\"\/><\/a><\/p>\n<p class=\"p3\"><span class=\"s1\">Elle est associ\u00e9e au d\u00e9veloppement industriel de la r\u00e9gion autour du Port Tanger-Med, notamment son parc industriel de 350 hectares d\u00e9di\u00e9 au secteur automobile avec 30.000 emplois directs et indirects attendus.<\/span><\/p>\n<\/div>\n<p>Auteur: ALM<br \/>\n<a href=\"http:\/\/aujourdhui.ma\/economie\/immobilier\/villes-nouvelles-tamesna-une-ville-integree-et-durable\">Cliquez ici pour lire l&rsquo;article depuis sa source.<\/a><\/p>\n","protected":false},"excerpt":{"rendered":"<p>Deuxi\u00e8me ville \u00e0 voir le jour dans le cadre du programme villes nouvelles, Tamesna s\u2019\u00e9rige aujourd\u2019hui comme un fleuron urbain moderne. Ce p\u00f4le ne cesse de voir son attractivit\u00e9 se renforcer offrant ainsi aux 50.000 personnes qui y r\u00e9sident un cadre paisible. Tamesna se d\u00e9veloppe \u00e0 grands pas. Une dynamique qui conforte les ambitions de [&hellip;]<\/p>\n","protected":false},"author":1759,"featured_media":0,"comment_status":"closed","ping_status":"closed","sticky":false,"template":"","format":"standard","meta":{"fifu_image_url":"","fifu_image_alt":"","footnotes":""},"categories":[73,54],"tags":[],"class_list":["post-66357","post","type-post","status-publish","format-standard","hentry","category-actualite","category-maroc"],"_links":{"self":[{"href":"https:\/\/linitiative.ca\/International\/wp-json\/wp\/v2\/posts\/66357","targetHints":{"allow":["GET"]}}],"collection":[{"href":"https:\/\/linitiative.ca\/International\/wp-json\/wp\/v2\/posts"}],"about":[{"href":"https:\/\/linitiative.ca\/International\/wp-json\/wp\/v2\/types\/post"}],"author":[{"embeddable":true,"href":"https:\/\/linitiative.ca\/International\/wp-json\/wp\/v2\/users\/1759"}],"replies":[{"embeddable":true,"href":"https:\/\/linitiative.ca\/International\/wp-json\/wp\/v2\/comments?post=66357"}],"version-history":[{"count":0,"href":"https:\/\/linitiative.ca\/International\/wp-json\/wp\/v2\/posts\/66357\/revisions"}],"wp:attachment":[{"href":"https:\/\/linitiative.ca\/International\/wp-json\/wp\/v2\/media?parent=66357"}],"wp:term":[{"taxonomy":"category","embeddable":true,"href":"https:\/\/linitiative.ca\/International\/wp-json\/wp\/v2\/categories?post=66357"},{"taxonomy":"post_tag","embeddable":true,"href":"https:\/\/linitiative.ca\/International\/wp-json\/wp\/v2\/tags?post=66357"}],"curies":[{"name":"wp","href":"https:\/\/api.w.org\/{rel}","templated":true}]}}