{"id":66358,"date":"2019-11-03T03:13:25","date_gmt":"2019-11-03T08:13:25","guid":{"rendered":"https:\/\/linitiative.ca\/International\/petite-viree-dans-les-arteres-de-tamesna\/"},"modified":"2019-11-03T03:13:25","modified_gmt":"2019-11-03T08:13:25","slug":"petite-viree-dans-les-arteres-de-tamesna","status":"publish","type":"post","link":"https:\/\/linitiative.ca\/International\/petite-viree-dans-les-arteres-de-tamesna\/","title":{"rendered":"Petite vir\u00e9e dans les art\u00e8res de Tamesna"},"content":{"rendered":"<p><img decoding=\"async\" class=\"post_layout_5_img\" src=\"http:\/\/aujourdhui.ma\/wp-content\/uploads\/2019\/10\/Immobilier-Al-Omrane-tamesna-.jpg?x29840\" alt=\"Petite vir\u00e9e dans les art\u00e8res de Tamesna\"\/><\/p>\n<p class=\"p1\"><span class=\"c4\"><strong>Cr\u00e9\u00e9 depuis 12 ans, Tamesna s\u2019est construit des infrastructures socio-\u00e9ducatives qui r\u00e9pondent aux attentes de sa population actuelle et des futurs habitants.<\/strong><\/span> <span id=\"more-321931\"\/><\/p>\n<p class=\"p1\">Espaces verts, Kasbah, \u00e9coles, centres de sant\u00e9 et connectivit\u00e9\u2026 tous les ingr\u00e9dients sont r\u00e9unis pour garantir aux habitants de Tamesna un cadre de vie agr\u00e9able. Gros plan sur l\u2019\u00e9volution de cette jeune cit\u00e9.<\/p>\n<p class=\"p1\"><strong>La cadence des bus am\u00e9lior\u00e9e<\/strong><\/p>\n<p class=\"p1\"><span class=\"s1\">La ville de Tamesna est aujourd\u2019hui tr\u00e8s accessible. Les efforts d\u00e9ploy\u00e9s ont converg\u00e9 vers une meilleure mobilit\u00e9 et ce \u00e0 travers une approche transport renforc\u00e9e. Ceci se traduit par la r\u00e9vision de la cadence des bus reliant Tamesna \u00e0 T\u00e9mara et \u00e0 Rabat.<span class=\"Apple-converted-space\">\u00a0<\/span> L\u2019attente au niveau des arr\u00eats de bus ne se fait plus sentir du fait que la cadence de passage a \u00e9t\u00e9 r\u00e9duite \u00e0 une moyenne de 20 minutes. Et ce n\u2019est pas tout. Les travaux de renforcement de la voie rapide reliant Tamesna \u00e0 Hay Riad avancent bien. On note un taux de r\u00e9alisation de 80%. Les travaux de l\u2019\u00e9largissement de la voie reliant Tamesna \u00e0 Temara vont, \u00e9galement, bon train.<\/span><\/p>\n<p class=\"p1\"><strong>L\u2019offre de soin \u00e9largie<\/strong><\/p>\n<p class=\"p3\"><span class=\"s1\">Pour ce qui est des \u00e9quipements, Tamesna est bien lotie. La ville dispose en effet d\u2019un ratio d\u2019\u00e9quipements plus avanc\u00e9 compar\u00e9 m\u00eame aux plus grandes villes du Royaume. Un h\u00f4pital est en cours de construction au niveau de la ville. Les travaux affichent, dans ce sens, un taux d\u2019avancement de 60%. Cette infrastructure de 45 lits vient consolider l\u2019offre en soin au niveau de Tamesna qui compte \u00e0 ce jour trois centres de sant\u00e9. Sur le plan social, la ville de Tamesna dispose d\u2019un centre d\u2019accompagnement et de protection de l\u2019enfance, d\u2019un centre d\u2019orientation et d\u2019assistance aux personnes en situation de handicap et d\u2019un espace polyvalent pour les femmes en situation difficile.<\/span><\/p>\n<p class=\"p1\"><strong>Une cit\u00e9 du savoir par excellence<\/strong><\/p>\n<p class=\"p3\"><span class=\"s1\">Tamesna ambitionne, par ailleurs, de se positionner comme une cit\u00e9 du savoir. Pour un investissement global de 150 millions de dirhams, le campus universitaire de la ville est fin pr\u00eat. En parall\u00e8le, l\u2019OFFPT a choisi la zone limitrophe \u00e0 la ville pour la construction d\u2019une Cit\u00e9 des m\u00e9tiers et des comp\u00e9tences, ce qui enrichirait l\u2019offre d\u2019enseignement au niveau de ce nouveau p\u00f4le urbain qui compte 22 \u00e9tablissements scolaires dont 4 institutions priv\u00e9es et un centre de formation professionnelle. A cela viendront bient\u00f4t s\u2019ajouter un p\u00f4le technologique contenant une annexe de l\u2019Ecole Sup\u00e9rieure de Technologie de Sal\u00e9, une Ecole Nationale des Sciences Appliqu\u00e9es (ENSA) et une Cit\u00e9 de l\u2019Innovation et des Sciences\u2026<\/span><\/p>\n<p class=\"p1\"><strong>L\u2019animation sociale, sportive\u00a0et culturelle assur\u00e9e<\/strong><\/p>\n<p class=\"p3\"><span class=\"s1\">L\u2019animation est assur\u00e9e au sein de Tamesna dans la mesure o\u00f9 la ville dispose de plusieurs centres sportifs, socio-\u00e9ducatifs et un centre culturel. En plus de la maison de la culture et de la maison de la jeunesse, de multiples foyers et terrains de sport sont au programme. Notons qu\u2019une convention de partenariat a \u00e9t\u00e9 conclue en mars dernier entre le Comit\u00e9 Provincial de l\u2019INDH de Skhirate \u2013 Temara, la Commune de Sidi Yahya Z\u00e4er, l\u2019Agence de D\u00e9veloppement Social et le Groupe Al Omrane pour l\u2019accompagnement dans l\u2019animation sociale de proximit\u00e9 dans les domaines social, sportif et culturel. Pour rappel, les \u00e9quipements sportifs de Tamesna comprennent 2 centres sportifs avec 5 terrains de proximit\u00e9, une piscine, un terrain de p\u00e9tanque et une salle d\u2019arts martiaux..<\/span><\/p>\n<p class=\"p1\"><strong>La Kasbah de Tamesna,\u00a0une m\u00e9dina pittoresque<\/strong><\/p>\n<p class=\"p3\"><span class=\"s1\">La Kasbah de Tamesna s\u2019est \u00e9galement inscrite dans la dynamique environnementale de la ville. Une approche participative a contribu\u00e9 \u00e0 embellir les art\u00e8res de la m\u00e9dina. Sous l\u2019impulsion de la Fondation Al Omrane, les citoyens ont fleuri les art\u00e8res et les murs des b\u00e2tisses. Les enfants ont \u00e9galement apport\u00e9 leur contribution \u00e0 travers une op\u00e9ration de plantation et de nettoyage. Des actions qui ont parfaitement illustr\u00e9 le sens du civisme de la population de Tamesna et son int\u00e9r\u00eat pour l\u2019environnement..<\/span><\/p>\n<p class=\"p1\"><strong>La donne \u00e9cologique largement respect\u00e9e<\/strong><\/p>\n<p class=\"p3\"><span class=\"s1\">Tamesna se distingue avant tout par son timbre \u00e9cologique. La ville se d\u00e9veloppe en harmonie avec le milieu naturel. Une superficie de plus de 100 hectares a \u00e9t\u00e9 allou\u00e9e aux espaces verts, dont 50% d\u00e9j\u00e0 am\u00e9nag\u00e9e. Outre le grand parc existant, un autre viendra se greffer au paysage pr\u00e9cis\u00e9ment entre Tamesna et Sidi Yahya. A cet espace de 10 hectares s\u2019ajoutera un espace de Skateboarding, deux terrains de proximit\u00e9, des aires de jeux pour enfants et des espaces ouverts pour les loisirs et les activit\u00e9s sportives et culturelles. La for\u00eat de la ville, mise \u00e0 niveau par Al Ormane, est quant \u00e0 elle un carrefour de sport et de retrouvailles. Tamesna s\u2019appr\u00eate \u00e0 y tenir prochainement son semi-marathon. Cette manifestation pr\u00e9vue le 10 novembre permettra aux familles de Tamesna et des villes mitoyennes de venir s\u2019oxyg\u00e9ner dans la joie et la bonne humeur.<\/span><\/p>\n<p>Auteur: ALM<br \/>\n<a href=\"http:\/\/aujourdhui.ma\/economie\/immobilier\/petite-viree-dans-les-arteres-de-tamesna\">Cliquez ici pour lire l&rsquo;article depuis sa source.<\/a><\/p>\n","protected":false},"excerpt":{"rendered":"<p>Cr\u00e9\u00e9 depuis 12 ans, Tamesna s\u2019est construit des infrastructures socio-\u00e9ducatives qui r\u00e9pondent aux attentes de sa population actuelle et des futurs habitants. Espaces verts, Kasbah, \u00e9coles, centres de sant\u00e9 et connectivit\u00e9\u2026 tous les ingr\u00e9dients sont r\u00e9unis pour garantir aux habitants de Tamesna un cadre de vie agr\u00e9able. Gros plan sur l\u2019\u00e9volution de cette jeune cit\u00e9. [&hellip;]<\/p>\n","protected":false},"author":1759,"featured_media":0,"comment_status":"closed","ping_status":"closed","sticky":false,"template":"","format":"standard","meta":{"fifu_image_url":"","fifu_image_alt":"","footnotes":""},"categories":[73,54],"tags":[],"class_list":["post-66358","post","type-post","status-publish","format-standard","hentry","category-actualite","category-maroc"],"_links":{"self":[{"href":"https:\/\/linitiative.ca\/International\/wp-json\/wp\/v2\/posts\/66358","targetHints":{"allow":["GET"]}}],"collection":[{"href":"https:\/\/linitiative.ca\/International\/wp-json\/wp\/v2\/posts"}],"about":[{"href":"https:\/\/linitiative.ca\/International\/wp-json\/wp\/v2\/types\/post"}],"author":[{"embeddable":true,"href":"https:\/\/linitiative.ca\/International\/wp-json\/wp\/v2\/users\/1759"}],"replies":[{"embeddable":true,"href":"https:\/\/linitiative.ca\/International\/wp-json\/wp\/v2\/comments?post=66358"}],"version-history":[{"count":0,"href":"https:\/\/linitiative.ca\/International\/wp-json\/wp\/v2\/posts\/66358\/revisions"}],"wp:attachment":[{"href":"https:\/\/linitiative.ca\/International\/wp-json\/wp\/v2\/media?parent=66358"}],"wp:term":[{"taxonomy":"category","embeddable":true,"href":"https:\/\/linitiative.ca\/International\/wp-json\/wp\/v2\/categories?post=66358"},{"taxonomy":"post_tag","embeddable":true,"href":"https:\/\/linitiative.ca\/International\/wp-json\/wp\/v2\/tags?post=66358"}],"curies":[{"name":"wp","href":"https:\/\/api.w.org\/{rel}","templated":true}]}}