{"id":66359,"date":"2019-11-03T05:51:12","date_gmt":"2019-11-03T10:51:12","guid":{"rendered":"https:\/\/linitiative.ca\/International\/une-4e-edition-axee-sur-les-changements-climatiques%ef%bb%bf\/"},"modified":"2019-11-03T05:51:12","modified_gmt":"2019-11-03T10:51:12","slug":"une-4e-edition-axee-sur-les-changements-climatiques%ef%bb%bf","status":"publish","type":"post","link":"https:\/\/linitiative.ca\/International\/une-4e-edition-axee-sur-les-changements-climatiques%ef%bb%bf\/","title":{"rendered":"Une 4e \u00e9dition ax\u00e9e sur les changements climatiques\ufeff"},"content":{"rendered":"<p class=\"has-text-color has-vivid-red-color c2\"><strong>Africa Security Forum<\/strong><\/p>\n<p class=\"has-text-color has-vivid-cyan-blue-color\"><strong>L\u2019Africa Security forum (ASF) est de retour pour une 4<sup>e<\/sup> \u00e9dition\u00a0! L\u2019\u00e9v\u00e8nement qui rassemble les plus grands think tanks et centres de recherche en Afrique, se penchera cette ann\u00e9e du 1<sup>er<\/sup> au 3 d\u00e9cembre \u00e0 Rabat, sur \u00abl\u2019impact du changement climatique sur la s\u00e9curit\u00e9 en Afrique\u00bb, ont annonc\u00e9 jeudi dernier les organisateurs de l\u2019\u00e9v\u00e8nement, au cours d\u2019une conf\u00e9rence de presse tenue \u00e0 Casablanca.<\/strong><\/p>\n<p>Organis\u00e9 conjointement par le centre Atlantis et le Forum international des technologies de s\u00e9curit\u00e9 (FITS), l\u2019ASF se veut un cadre de r\u00e9flexion, mais aussi de rencontres entre les entreprises participantes. Cette ann\u00e9e, ce sont plus de 50 centres de recherche de 35 pays africains, pr\u00e8s de 400 personnalit\u00e9s et experts de diff\u00e9rents pays du globe, 18 universit\u00e9s marocaines qui y sont attendus pour r\u00e9fl\u00e9chir sur la th\u00e9matique des changements climatiques en lien avec le continent. Pour Driss Benomar, fondateur du Centre de recherches et d\u2019\u00e9tudes strat\u00e9giques Atlantis, cette th\u00e9matique est d\u2019une actualit\u00e9 br\u00fblante surtout pour l\u2019Afrique, puisque c\u2019est le continent le plus vuln\u00e9rable de la plan\u00e8te aux changements climatiques.<\/p>\n<p>En cause, plusieurs d\u00e9fis politiques, socio-\u00e9conomiques et d\u00e9mographiques auxquels il doit faire face. Une \u00e9tude du Groupe d\u2019experts intergouvernemental sur l\u2019\u00e9volution du climat (GIEC) \u00e9value \u00e0 cet \u00e9gard l\u2019impact de la malnutrition sur le d\u00e9veloppement des enfants africains entre 2% et 16% du PIB de la Commission \u00e9conomique pour l\u2019Afrique. Sachant que d\u2019ici 2050 la population africaine atteindra les 2 milliards d\u2019habitants, cette situation engendrera in\u00e9luctablement d\u2019importants flux migratoires vers les grandes agglom\u00e9rations, avec comme cons\u00e9quences le ch\u00f4mage, la violence, la criminalit\u00e9, les conflits\u2026<\/p>\n<p>Etant donn\u00e9 qu\u2019aujourd\u2019hui, il est encore difficile de cerner pr\u00e9cis\u00e9ment l\u2019impact du changement climatique, il est question pour les participants \u00e0 l\u2019ASF d\u2019anticiper les solutions aux enjeux s\u00e9curitaires li\u00e9s aux changements climatiques auxquels l\u2019Afrique doit faire face. En r\u00e9unissant les chercheurs africains, l\u2019objectif est d\u2019\u00e9laborer une feuille de route avec des dispositifs proactifs pour r\u00e9duire les impacts du changement climatique \u00e0 diff\u00e9rents niveaux. Il s\u2019agit \u00e9galement pour les Africains de mettre sur pied eux-m\u00eames des solutions pens\u00e9es pour l\u2019Afrique, et non d\u2019importer des solutions inadapt\u00e9es aux r\u00e9alit\u00e9s du continent.<\/p>\n<p>Dans ce cadre, pendant trois jours, plusieurs th\u00e9matiques seront abord\u00e9es sous diff\u00e9rents angles, notamment la \u00abs\u00e9curit\u00e9 alimentaire et gestion de l\u2019eau\u00bb, \u00abl\u2019accroissement d\u00e9mographique et d\u00e9veloppement agricole\u00bb, \u00abl\u2019anticipation des solutions de demain\u00bb.<\/p>\n<p>En plus des d\u00e9bats et ateliers de r\u00e9flexion, le forum se veut en outre un cadre favorable pour des rencontres B2B entre les entreprises. Il sera \u00e9galement marqu\u00e9 par le lancement de l\u2019\u00abAfrica Security Networking\u00a0et cluster\u00bb sp\u00e9cialis\u00e9.<\/p>\n<p class=\"c3\"><strong>Danielle Engolo<\/strong><\/p>\n<p>Auteur: M&rsquo;hammed rahal<br \/>\n<a href=\"http:\/\/albayane.press.ma\/une-4e-edition-axee-sur-les-changements-climatiques%EF%BB%BF.html\">Cliquez ici pour lire l&rsquo;article depuis sa source.<\/a><\/p>\n","protected":false},"excerpt":{"rendered":"<p>Africa Security Forum L\u2019Africa Security forum (ASF) est de retour pour une 4e \u00e9dition\u00a0! L\u2019\u00e9v\u00e8nement qui rassemble les plus grands think tanks et centres de recherche en Afrique, se penchera cette ann\u00e9e du 1er au 3 d\u00e9cembre \u00e0 Rabat, sur \u00abl\u2019impact du changement climatique sur la s\u00e9curit\u00e9 en Afrique\u00bb, ont annonc\u00e9 jeudi dernier les organisateurs [&hellip;]<\/p>\n","protected":false},"author":1760,"featured_media":0,"comment_status":"closed","ping_status":"closed","sticky":false,"template":"","format":"standard","meta":{"fifu_image_url":"","fifu_image_alt":"","footnotes":""},"categories":[73,54],"tags":[],"class_list":["post-66359","post","type-post","status-publish","format-standard","hentry","category-actualite","category-maroc"],"_links":{"self":[{"href":"https:\/\/linitiative.ca\/International\/wp-json\/wp\/v2\/posts\/66359","targetHints":{"allow":["GET"]}}],"collection":[{"href":"https:\/\/linitiative.ca\/International\/wp-json\/wp\/v2\/posts"}],"about":[{"href":"https:\/\/linitiative.ca\/International\/wp-json\/wp\/v2\/types\/post"}],"author":[{"embeddable":true,"href":"https:\/\/linitiative.ca\/International\/wp-json\/wp\/v2\/users\/1760"}],"replies":[{"embeddable":true,"href":"https:\/\/linitiative.ca\/International\/wp-json\/wp\/v2\/comments?post=66359"}],"version-history":[{"count":0,"href":"https:\/\/linitiative.ca\/International\/wp-json\/wp\/v2\/posts\/66359\/revisions"}],"wp:attachment":[{"href":"https:\/\/linitiative.ca\/International\/wp-json\/wp\/v2\/media?parent=66359"}],"wp:term":[{"taxonomy":"category","embeddable":true,"href":"https:\/\/linitiative.ca\/International\/wp-json\/wp\/v2\/categories?post=66359"},{"taxonomy":"post_tag","embeddable":true,"href":"https:\/\/linitiative.ca\/International\/wp-json\/wp\/v2\/tags?post=66359"}],"curies":[{"name":"wp","href":"https:\/\/api.w.org\/{rel}","templated":true}]}}