{"id":66360,"date":"2019-11-03T05:56:59","date_gmt":"2019-11-03T10:56:59","guid":{"rendered":"https:\/\/linitiative.ca\/International\/les-grabuges-de-lenseignement-prive\/"},"modified":"2019-11-03T05:56:59","modified_gmt":"2019-11-03T10:56:59","slug":"les-grabuges-de-lenseignement-prive","status":"publish","type":"post","link":"https:\/\/linitiative.ca\/International\/les-grabuges-de-lenseignement-prive\/","title":{"rendered":"Les grabuges de l\u2019enseignement priv\u00e9!"},"content":{"rendered":"<p class=\"has-text-color has-vivid-cyan-blue-color\"><strong>R\u00e9cemment, la justice vient d\u2019\u00e9piloguer une institution de l\u2019enseignement priv\u00e9 \u00e0 Agadir. La sentence rendue publique oblige le directeur de l\u2019\u00e9tablissement en question \u00e0 remettre l\u2019attestation de baccalaur\u00e9at \u00e0 l\u2019\u00e9l\u00e8ve laur\u00e9at et une amende de 5000 dhs pour chaque journ\u00e9e de retard.<\/strong><\/p>\n<p>Ce verdict intent\u00e9 contre un \u00ab\u00e9ducateur\u00bb connu en ville, \u00e9lu \u00e0 la t\u00eate de la structure associative nationale du secteur, \u00e9tait survenu suite \u00e0 une plainte judiciaire aupr\u00e8s de la cour administrative pour refus de remise de ladite attestation \u00e0 son auteur, sous pr\u00e9texte que l\u2019int\u00e9ress\u00e9 n\u2019a pas r\u00e9gl\u00e9 ses dus de scolarit\u00e9 envers l\u2019institut pr\u00e9cit\u00e9. La cour a donc consid\u00e9r\u00e9 que celle-ci \u00e9tait dans le tort pour avoir \u00abclaustr\u00e9\u00bb le document, afin de faire pression sur le p\u00e8re de l\u2019enfant \u00e0 s\u2019acquitter de ces frais.<\/p>\n<p>En d\u2019autres termes, la justice s\u2019est rang\u00e9e du c\u00f4t\u00e9 de l\u2019\u00e9l\u00e8ve \u00e0 jouir de son droit le plus absolu de scolarit\u00e9. L\u2019\u00e9tablissement scolaire qui se voit, peut-\u00eatre frustrer de s\u2019\u00eatre priv\u00e9 de ses \u00e9moluments qui lui reviennent de droit,aura certainement d\u2019autres moyens de se faire rembourser, mais pas au d\u00e9triment du droit de l\u2019\u00e9l\u00e8ve \u00e0 poursuivre ses \u00e9tudes. Ce jugement prononc\u00e9 ces derniers temps, en faveur de ce droit sacr\u00e9 a servi de le\u00e7on pour les autres institutions qui se sont, ipso facto, d\u00e9barrass\u00e9s des attestations, encore en leur possession.<\/p>\n<p>Ceci \u00e9tant, on ne peut non plus, inciter \u00e0 ce que l\u2019on \u00a0pourrait appeler \u00abresquille\u00bb face au r\u00e8glement des droits de scolarit\u00e9. Un service rendu est appel\u00e9 \u00e0 se faire r\u00e9mun\u00e9rer, dans les r\u00e8gles de l\u2019art. A ce propos, le dysfonctionnement qui pollue ainsi le rapport institutions\/parents devrait, en fait, \u00eatre r\u00e9tabli dans l\u2019\u00e9quit\u00e9 et l\u2019\u00e9galit\u00e9.<\/p>\n<p>Mais, combien de gabegies sont cens\u00e9s \u00eatre assainies au sein de l\u2019enseignement priv\u00e9 ? Il faudrait bien reconna\u00eetre que le domaine est bourr\u00e9 de d\u00e9faillances qu\u2019il va falloir contrecarrer. Bien entendu, on ne pr\u00e9tendra pas mettre tous les responsables du secteur dans le m\u00eame panier, puisque nombre d\u2019entre eux sont r\u00e9put\u00e9s pour \u00eatre citoyens et consciencieux. Mais, \u00e0 coup s\u00fbr, une panoplie de coll\u00e8gues inciviques se permet de \u00abvendre\u00bb un produit v\u00e9tuste, dispens\u00e9 par un contingent de \u00abchasseurs de fric\u00bbqui se paient m\u00eame le luxe de s\u2019absenter au public pour se pr\u00e9senter au priv\u00e9, sans effort ni scrupule.<\/p>\n<p>De surcro\u00eet, ils n\u2019ont pas non plus froid aux yeux de se montrer excessivement\u00ab g\u00e9n\u00e9reux\u00bb en notation pour se vanter d\u2019avoir 100\/100 de r\u00e9ussite en fin d\u2019ann\u00e9e. Cette pratique illicite encourage, malheureusement, les parents \u00e0 courir apr\u00e8s les points et non la qualit\u00e9 et, de ce fait, fausse l\u2019\u00e9galit\u00e9 des chances et abaisse davantage le niveau d\u2019\u00e9tudes\u2026La r\u00e9forme de l\u2019enseignement priv\u00e9 est donc une question audacieuse et int\u00e9grante dans une vision globale de la r\u00e9forme de l\u2019enseignement en totalit\u00e9!<\/p>\n<p>Auteur: M&rsquo;hammed rahal<br \/>\n<a href=\"http:\/\/albayane.press.ma\/les-grabuges-de-lenseignement-prive.html\">Cliquez ici pour lire l&rsquo;article depuis sa source.<\/a><\/p>\n","protected":false},"excerpt":{"rendered":"<p>R\u00e9cemment, la justice vient d\u2019\u00e9piloguer une institution de l\u2019enseignement priv\u00e9 \u00e0 Agadir. La sentence rendue publique oblige le directeur de l\u2019\u00e9tablissement en question \u00e0 remettre l\u2019attestation de baccalaur\u00e9at \u00e0 l\u2019\u00e9l\u00e8ve laur\u00e9at et une amende de 5000 dhs pour chaque journ\u00e9e de retard. Ce verdict intent\u00e9 contre un \u00ab\u00e9ducateur\u00bb connu en ville, \u00e9lu \u00e0 la t\u00eate [&hellip;]<\/p>\n","protected":false},"author":1760,"featured_media":0,"comment_status":"closed","ping_status":"closed","sticky":false,"template":"","format":"standard","meta":{"fifu_image_url":"","fifu_image_alt":"","footnotes":""},"categories":[73,54],"tags":[],"class_list":["post-66360","post","type-post","status-publish","format-standard","hentry","category-actualite","category-maroc"],"_links":{"self":[{"href":"https:\/\/linitiative.ca\/International\/wp-json\/wp\/v2\/posts\/66360","targetHints":{"allow":["GET"]}}],"collection":[{"href":"https:\/\/linitiative.ca\/International\/wp-json\/wp\/v2\/posts"}],"about":[{"href":"https:\/\/linitiative.ca\/International\/wp-json\/wp\/v2\/types\/post"}],"author":[{"embeddable":true,"href":"https:\/\/linitiative.ca\/International\/wp-json\/wp\/v2\/users\/1760"}],"replies":[{"embeddable":true,"href":"https:\/\/linitiative.ca\/International\/wp-json\/wp\/v2\/comments?post=66360"}],"version-history":[{"count":0,"href":"https:\/\/linitiative.ca\/International\/wp-json\/wp\/v2\/posts\/66360\/revisions"}],"wp:attachment":[{"href":"https:\/\/linitiative.ca\/International\/wp-json\/wp\/v2\/media?parent=66360"}],"wp:term":[{"taxonomy":"category","embeddable":true,"href":"https:\/\/linitiative.ca\/International\/wp-json\/wp\/v2\/categories?post=66360"},{"taxonomy":"post_tag","embeddable":true,"href":"https:\/\/linitiative.ca\/International\/wp-json\/wp\/v2\/tags?post=66360"}],"curies":[{"name":"wp","href":"https:\/\/api.w.org\/{rel}","templated":true}]}}