{"id":66361,"date":"2019-11-03T06:03:02","date_gmt":"2019-11-03T11:03:02","guid":{"rendered":"https:\/\/linitiative.ca\/International\/crise-de-la-samir-le-front-national-fournit-ses-armes\/"},"modified":"2019-11-03T06:03:02","modified_gmt":"2019-11-03T11:03:02","slug":"crise-de-la-samir-le-front-national-fournit-ses-armes","status":"publish","type":"post","link":"https:\/\/linitiative.ca\/International\/crise-de-la-samir-le-front-national-fournit-ses-armes\/","title":{"rendered":"Crise de la Samir: le Front national fournit ses armes"},"content":{"rendered":"<p class=\"has-text-color has-drop-cap has-vivid-cyan-blue-color\"><strong>Nouvel \u00e9pisode dans le dossier de la Samir. Le Front national pour la sauvegarde de la raffinerie marocaine du p\u00e9trole d\u00e9cide de traduire en justice les responsables de la faillite de l\u2019entreprise. Cette d\u00e9cision a \u00e9t\u00e9 annonc\u00e9e lors de l\u2019Assembl\u00e9e g\u00e9n\u00e9rale annuelle qui s\u2019est tenue dans la soir\u00e9e du jeudi 31 octobre \u00e0 Mohammedia.\u00a0 Lors de cette rencontre, les membres du secr\u00e9tariat national ont d\u00e9nonc\u00e9 le \u00abparti pris\u00bb du gouvernement qui \u00e9lude toute responsabilit\u00e9 ou encore les d\u00e9clarations du ministre de l\u2019Energie, des mines et de l\u2019environnement, qui ne font, selon eux, que d\u00e9router les investisseurs et semer la confusion.<\/strong><\/p>\n<p>Houcine El Yamani, coordinateur du Front national, a ainsi mis en garde l\u2019Ex\u00e9cutif contre les cons\u00e9quences socio-\u00e9conomiques dramatiques dans l\u2019\u00e9ventuelle fermeture d\u00e9finitive de la raffinerie.\u00a0 Il faut dire, selon l\u2019intervenant, que la Samir a encore sa place dans le tissu \u00e9conomique du pays et que ce joyau industriel est capable de satisfaire 65% des besoins nationaux en mati\u00e8re d\u2019hydrocarbures. Cela \u00e9tant, \u00abl\u2019Etat est appel\u00e9 \u00e0 clarifier sa position sur ce dossier et \u00e0 mettre un terme \u00e0 l\u2019anarchie r\u00e9gissant le march\u00e9\u00bb, a-t-il soulign\u00e9.<\/p>\n<p>De son c\u00f4t\u00e9, Mohamed Ben Moussa, \u00e9conomiste et \u00e9galement membre du Front national, a consid\u00e9r\u00e9 que la responsabilit\u00e9 de l\u2019Etat est engag\u00e9e vu qu\u2019il a manqu\u00e9 \u00e0 ses obligations politiques, notamment en mati\u00e8re de r\u00e9gulation et de contr\u00f4le. Autrement dit, l\u2019Etat doit faire preuve d\u2019une volont\u00e9 ferme afin de trouver une solution efficace et \u0153uvrer \u00e0 consacrer le principe de la corr\u00e9lation entre responsabilit\u00e9\u00a0 et reddition des comptes. A cela s\u2019ajoute \u00e9galement sa responsabilit\u00e9 sociale, celle de pr\u00e9server le pouvoir d\u2019achat et de soutenir les petites et moyennes entreprises, a-t-il not\u00e9 en substance.<\/p>\n<p>Afin de faire aboutir leurs revendications, les responsables du Front national ont fait savoir que cette instance sera transform\u00e9e en association et ce, conform\u00e9ment aux lois en vigueur afin de b\u00e9n\u00e9ficier du droit d\u2019acc\u00e8s \u00e0 la justice et porter plainte contre toutes les personnes ou institutions ayant conduit l\u2019entreprise \u00e0 la faillite.<\/p>\n<p>Les responsables du Front national ont consid\u00e9r\u00e9, en outre,\u00a0 que la loi 104-12 relative \u00e0 la libert\u00e9 des prix et de la concurrence n\u2019a fait que consacrer l\u2019h\u00e9g\u00e9monie des cinq grands distributeurs qui s\u2019accaparent plus de 70% du march\u00e9 et r\u00e9alisent un profit\u00a0 \u00abnon-\u00e9thique\u00bb. Dans ce sens,\u00a0 le Front national pr\u00e9voit de soumettre un texte de loi au Parlement visant la r\u00e9gulation des prix d\u2019hydrocarbures et les produits p\u00e9troliers afin de pr\u00e9server le pouvoir d\u2019achat dans le cas o\u00f9 il y aurait une flamb\u00e9e des cours du p\u00e9trole.<\/p>\n<p>En sus de cela, ils ont d\u00e9clar\u00e9 qu\u2019ils s\u2019att\u00e8lent actuellement \u00e0 l\u2019\u00e9laboration d\u2019une proposition de loi visant la nationalisation de la Samir et qui sera pr\u00e9sent\u00e9e prochainement aux d\u00e9put\u00e9s de la nation.<\/p>\n<p>Notons au final que le Front national propose plusieurs solutions pour sauver la raffinerie, \u00e0 commencer par la mise en place d\u2019un mod\u00e8le de gestion mixte. C\u2019est-\u00e0-dire, la conversion des cr\u00e9ances en investissement, notamment celles de l\u2019Etat ou l\u2019option de la nationalisation comme ce fut le cas en Ethiopie.<\/p>\n<p class=\"c2\"><strong>Khalid Darfaf<\/strong><\/p>\n<p>Auteur: M&rsquo;hammed rahal<br \/>\n<a href=\"http:\/\/albayane.press.ma\/crise-de-la-samir-le-front-national-fournit-ses-armes.html\">Cliquez ici pour lire l&rsquo;article depuis sa source.<\/a><\/p>\n","protected":false},"excerpt":{"rendered":"<p>Nouvel \u00e9pisode dans le dossier de la Samir. Le Front national pour la sauvegarde de la raffinerie marocaine du p\u00e9trole d\u00e9cide de traduire en justice les responsables de la faillite de l\u2019entreprise. Cette d\u00e9cision a \u00e9t\u00e9 annonc\u00e9e lors de l\u2019Assembl\u00e9e g\u00e9n\u00e9rale annuelle qui s\u2019est tenue dans la soir\u00e9e du jeudi 31 octobre \u00e0 Mohammedia.\u00a0 Lors [&hellip;]<\/p>\n","protected":false},"author":1760,"featured_media":0,"comment_status":"closed","ping_status":"closed","sticky":false,"template":"","format":"standard","meta":{"fifu_image_url":"","fifu_image_alt":"","footnotes":""},"categories":[73,54],"tags":[],"class_list":["post-66361","post","type-post","status-publish","format-standard","hentry","category-actualite","category-maroc"],"_links":{"self":[{"href":"https:\/\/linitiative.ca\/International\/wp-json\/wp\/v2\/posts\/66361","targetHints":{"allow":["GET"]}}],"collection":[{"href":"https:\/\/linitiative.ca\/International\/wp-json\/wp\/v2\/posts"}],"about":[{"href":"https:\/\/linitiative.ca\/International\/wp-json\/wp\/v2\/types\/post"}],"author":[{"embeddable":true,"href":"https:\/\/linitiative.ca\/International\/wp-json\/wp\/v2\/users\/1760"}],"replies":[{"embeddable":true,"href":"https:\/\/linitiative.ca\/International\/wp-json\/wp\/v2\/comments?post=66361"}],"version-history":[{"count":0,"href":"https:\/\/linitiative.ca\/International\/wp-json\/wp\/v2\/posts\/66361\/revisions"}],"wp:attachment":[{"href":"https:\/\/linitiative.ca\/International\/wp-json\/wp\/v2\/media?parent=66361"}],"wp:term":[{"taxonomy":"category","embeddable":true,"href":"https:\/\/linitiative.ca\/International\/wp-json\/wp\/v2\/categories?post=66361"},{"taxonomy":"post_tag","embeddable":true,"href":"https:\/\/linitiative.ca\/International\/wp-json\/wp\/v2\/tags?post=66361"}],"curies":[{"name":"wp","href":"https:\/\/api.w.org\/{rel}","templated":true}]}}