{"id":66363,"date":"2019-11-03T06:35:41","date_gmt":"2019-11-03T11:35:41","guid":{"rendered":"https:\/\/linitiative.ca\/International\/le-sahara-marocain-lespace-et-le-temps-de-hubert-seillan\/"},"modified":"2019-11-03T06:35:41","modified_gmt":"2019-11-03T11:35:41","slug":"le-sahara-marocain-lespace-et-le-temps-de-hubert-seillan","status":"publish","type":"post","link":"https:\/\/linitiative.ca\/International\/le-sahara-marocain-lespace-et-le-temps-de-hubert-seillan\/","title":{"rendered":"\u00abLe Sahara marocain: L\u2019espace et le temps\u00bb, de Hubert Seillan"},"content":{"rendered":"<p class=\"has-text-color has-vivid-red-color c2\"><strong>Un livre qui dresse l\u2019identit\u00e9 marocaine du Sahara \u00absans apriori\u00bb<\/strong><\/p>\n<p class=\"c3\"><strong>Entretien r\u00e9alis\u00e9 par Jalila Ajaja<\/strong> (MAP)<\/p>\n<p class=\"has-text-color has-vivid-cyan-blue-color\"><strong>\u00abLe Sahara marocain: L\u2019espace et le temps\u00bb, est un nouveau livre de Hubert Seillan, paru r\u00e9cemment aux \u00e9ditions \u00abLa Crois\u00e9e des Chemins\u00bb, o\u00f9 l\u2019auteur dresse l\u2019identit\u00e9 marocaine du Sahara \u00absans apriori\u00bb, en faisant appel \u00e0 la G\u00e9ographie et \u00e0 l\u2019Histoire.<\/strong><\/p>\n<p>Universitaire et \u00e9diteur, mais aussi avocat au Barreau de Paris, Hubert Seillan s\u2019int\u00e9resse dans ce nouvel ouvrage au Sahara marocain, racont\u00e9 par la g\u00e9ographie, l\u2019histoire, l\u2019\u00e9conomie et le droit. Ce Sahara atlantique plac\u00e9 sous des auspices bienfaisants qui a de tout temps \u00e9t\u00e9 \u00abun espace envi\u00e9\u00bb.<\/p>\n<p>Pour l\u2019auteur, le Sahara est envi\u00e9 plus encore \u00e0 la fin de la p\u00e9riode coloniale, quand l\u2019Alg\u00e9rie et l\u2019Espagne ont tent\u00e9 de l\u2019\u00e9tablir dans la forme d\u2019un pseudo Etat, qui, ne pouvant \u00eatre qu\u2019artificiel, \u00ableur aurait permis de poursuivre la domination coloniale, mais la tentative a \u00e9chou\u00e9\u00bb, rappelant que \u00abdepuis 1400 ans, le Maroc a \u00e9t\u00e9 per\u00e7u dans le grand Ouest africain, comme une autorit\u00e9 spirituelle et politique\u00bb.<\/p>\n<p>En effet, selon l\u2019auteur, \u00ables liens coutumiers entre les hommes du Sud et du Nord sont si nombreux qu\u2019ils rendent absurde l\u2019id\u00e9e m\u00eame d\u2019une identit\u00e9 saharienne distincte. Le Sahara marocain ne peut donc \u00eatre compris en dehors du Maroc\u00bb.<\/p>\n<p>Dans un entretien \u00e0 la MAP, Hubert Seillan revient en d\u00e9tail sur les raisons qui l\u2019ont pouss\u00e9 \u00e0 \u00e9crire ce \u00ablivre de c\u0153ur\u00bb sur un territoire pour lequel il \u00e9prouve \u00abune v\u00e9ritable passion depuis l\u2019enfance\u00bb.<\/p>\n<p>\u00abJe ne voulais pas faire un livre d\u2019historien, car je ne suis pas historien. Je ne voulais pas faire non plus un livre de sociologue. Je ne suis pas sociologue et je ne suis pas sur que la sociologie m\u2019aiderait beaucoup, car la Sociologie c\u2019est avant tout le regard sur l\u2019instant. Je ne voulais pas faire un livre de professionnel. Ce que je voulais, c\u2019est faire un livre venant d\u2019un homme soucieux de montrer ce qu\u2019il voyait. Et ce que je voyais, c\u2019est que ce territoire est un territoire tr\u00e8s ancien et tous les t\u00e9moignages, toutes les personnes que j\u2019ai rencontr\u00e9es m\u2019ont toujours parl\u00e9 du pass\u00e9\u00bb. \u00abL\u2019histoire est donc au c\u0153ur de ce territoire, mais en m\u00eame temps c\u2019est un espace et une histoire d\u2019o\u00f9 le sous-titre de mon livre: l\u2019espace et le temps\u00bb, a-t-il expliqu\u00e9.<\/p>\n<p>Dans ce livre, \u00abje parle de l\u2019histoire du Sahara en le rattachant \u00e0 son nord qui est le Maroc, mais aussi \u00e0 Al-Andalous et l\u2019Europe. En \u00e9voquant l\u2019Ouest, qui n\u2019est pas seulement l\u2019Oc\u00e9an atlantique d\u2019o\u00f9 sont venus les Portugais et les Espagnols. Le Sud qui est le prolongement vers la Mauritanie et l\u2019Afrique subsaharienne. Et puis enfin, l\u2019Est (l\u2019Alg\u00e9rie) d\u2019o\u00f9 est venu le conflit, avec la colonisation fran\u00e7aise qui a pouss\u00e9 les fronti\u00e8res\u00bb, \u00e9taye-t-il.<\/p>\n<p>Selon lui, \u00ab\u00e0 travers ces quatre points cardinaux, nous avons une certaine identit\u00e9 de ce Sahara. Je voulais le faire sans apriori, en faisant appel \u00e0 la G\u00e9ographie et \u00e0 l\u2019Histoire, \u00e0 l\u2019espace et au temps\u00bb.<\/p>\n<p>L\u2019auteur affirme \u00e9galement n\u2019\u00eatre \u00abni un id\u00e9ologue\u00bb, \u00abni un doctrinaire\u00bb. \u00abTout simplement j\u2019observe ce qu\u2019est un terroir. Et au Maroc il y a de nombreux terroirs. Celui du Sahara a ses propres caract\u00e8res mais en m\u00eame temps il est profond\u00e9ment marocain. Parce qu\u2019il est marocain depuis les temps les plus anciens\u00bb, soutient-il.<br \/>Apr\u00e8s avoir dress\u00e9 ce qu\u2019il appelle la \u00abCarte d\u2019identit\u00e9\u00bb du Sahara, Hubert Seillan conclut son ouvrage par une derni\u00e8re partie intitul\u00e9e \u00abAujourd\u2019hui et demain\u00bb qui se d\u00e9cline en deux chapitres : le premier : \u00abEt le combat cessa faute de combattants\u00bb. Et le second, \u00abUne nouvelle Californie\u00bb.<\/p>\n<p>Dans le premier chapitre, l\u2019auteur affirme que \u00able Polisario n\u2019existe plus. Il est divis\u00e9. Les gens \u00e0 Tindouf veulent rentrer mais on les emp\u00eache de le faire\u00bb. En d\u00e9liquescence, \u00able front s\u00e9paratiste ne compte plus que quelques vieux militants, comme il y en a partout, et quelques irr\u00e9ductibles qui ne repr\u00e9sentent plus rien\u00bb, soutient-il.<\/p>\n<p>Selon lui \u00abl\u2019affaire (du Sahara) se termine\u00bb. C\u2019est la th\u00e8se qu\u2019il maintient dans le second chapitre o\u00f9 il \u00e9voque \u00abune nouvelle Californie au Sahara, territoire qui r\u00e9unit tous les crit\u00e8res de d\u00e9veloppement\u00bb. \u00abJe vois sous les meilleurs auspices l\u2019avenir du Sahara marocain, puisque je vois toutes les pr\u00e9mices d\u2019une nouvelle Californie sur le plan \u00e9conomique et social\u00bb, conclut-il sur un ton optimiste.<\/p>\n<p>Auteur: M&rsquo;hammed rahal<br \/>\n<a href=\"http:\/\/albayane.press.ma\/le-sahara-marocain-lespace-et-le-temps-de-hubert-seillan.html\">Cliquez ici pour lire l&rsquo;article depuis sa source.<\/a><\/p>\n","protected":false},"excerpt":{"rendered":"<p>Un livre qui dresse l\u2019identit\u00e9 marocaine du Sahara \u00absans apriori\u00bb Entretien r\u00e9alis\u00e9 par Jalila Ajaja (MAP) \u00abLe Sahara marocain: L\u2019espace et le temps\u00bb, est un nouveau livre de Hubert Seillan, paru r\u00e9cemment aux \u00e9ditions \u00abLa Crois\u00e9e des Chemins\u00bb, o\u00f9 l\u2019auteur dresse l\u2019identit\u00e9 marocaine du Sahara \u00absans apriori\u00bb, en faisant appel \u00e0 la G\u00e9ographie et \u00e0 [&hellip;]<\/p>\n","protected":false},"author":1760,"featured_media":0,"comment_status":"closed","ping_status":"closed","sticky":false,"template":"","format":"standard","meta":{"fifu_image_url":"","fifu_image_alt":"","footnotes":""},"categories":[73,54],"tags":[],"class_list":["post-66363","post","type-post","status-publish","format-standard","hentry","category-actualite","category-maroc"],"_links":{"self":[{"href":"https:\/\/linitiative.ca\/International\/wp-json\/wp\/v2\/posts\/66363","targetHints":{"allow":["GET"]}}],"collection":[{"href":"https:\/\/linitiative.ca\/International\/wp-json\/wp\/v2\/posts"}],"about":[{"href":"https:\/\/linitiative.ca\/International\/wp-json\/wp\/v2\/types\/post"}],"author":[{"embeddable":true,"href":"https:\/\/linitiative.ca\/International\/wp-json\/wp\/v2\/users\/1760"}],"replies":[{"embeddable":true,"href":"https:\/\/linitiative.ca\/International\/wp-json\/wp\/v2\/comments?post=66363"}],"version-history":[{"count":0,"href":"https:\/\/linitiative.ca\/International\/wp-json\/wp\/v2\/posts\/66363\/revisions"}],"wp:attachment":[{"href":"https:\/\/linitiative.ca\/International\/wp-json\/wp\/v2\/media?parent=66363"}],"wp:term":[{"taxonomy":"category","embeddable":true,"href":"https:\/\/linitiative.ca\/International\/wp-json\/wp\/v2\/categories?post=66363"},{"taxonomy":"post_tag","embeddable":true,"href":"https:\/\/linitiative.ca\/International\/wp-json\/wp\/v2\/tags?post=66363"}],"curies":[{"name":"wp","href":"https:\/\/api.w.org\/{rel}","templated":true}]}}