{"id":66364,"date":"2019-11-03T13:04:02","date_gmt":"2019-11-03T18:04:02","guid":{"rendered":"https:\/\/linitiative.ca\/International\/5emes-journees-nationales-du-court-metrage-a-bechar\/"},"modified":"2019-11-03T13:04:02","modified_gmt":"2019-11-03T18:04:02","slug":"5emes-journees-nationales-du-court-metrage-a-bechar","status":"publish","type":"post","link":"https:\/\/linitiative.ca\/International\/5emes-journees-nationales-du-court-metrage-a-bechar\/","title":{"rendered":"5\u00e8mes journ\u00e9es nationales du court-m\u00e9trage \u00e0 B\u00e9char"},"content":{"rendered":"<div readability=\"33\">\n<p><strong>BECHAR &#8211; Les 5\u00e8mes journ\u00e9es nationales du court-m\u00e9trage ont d\u00e9but\u00e9 samedi \u00e0 la maison de la culture Kadi-Mohamed \u00e0 B\u00e9char.<\/strong><\/p>\n<\/div>\n<div readability=\"93\">\n<p>La manifestation artistique qui a vu la participation de 15 \u0153uvres cin\u00e9matographiques de jeunes issus de 14 wilayas du pays, vise \u00e0 offrir une opportunit\u00e9 aux jeunes cin\u00e9astes amateurs pour faire d\u00e9couvrir au public leurs \u0153uvres.<\/p>\n<p>Elle a d\u00e9but\u00e9 par la projection du court m\u00e9trage \u00ab\u00a0Stay\u00a0\u00bb, de Boukaf Mohamed Tahar (\u0153uvre d\u2019animation) qui d\u00e9nonce les guerres et les atteintes \u00e0 l\u2019environnement, suivie de l\u2019\u0153uvre de Kadda Abdellah \u00ab\u00a0Kan Wa La Makanch\u00a0\u00bb qui aborde la condition des handicap\u00e9s.<\/p>\n<p>De son c\u00f4t\u00e9 Benalla Samir dans\u00a0 \u00ab\u00a0El Alam\u00a0\u00bb, traite un sujet social tr\u00e8s sensible li\u00e9 aux harc\u00e8lements sexuels des femmes de m\u00e9nage.<\/p>\n<p>\u00ab\u00a0A travers ce film, j\u2019ai voulu mettre en relief cette cat\u00e9gorie, ses douleurs et ses souffrances\u00a0\u00bb, a-t-il dit lors d&rsquo;un d\u00e9bat avec le public.<\/p>\n<p>Le comit\u00e9 d\u2019organisation de cette manifestation cin\u00e9matographique a proc\u00e9d\u00e9 \u00e0 la s\u00e9lection de ces deux \u0153uvres parmi 45 courts-m\u00e9trages visionn\u00e9s lors de la pr\u00e9s\u00e9lection des productions de cin\u00e9astes amateurs, a pr\u00e9cis\u00e9 pour sa part Amari Hamdani, directeur de la maison de la culture Kadi-Mohamed.<\/p>\n<p>\u00ab\u00a0Le visionnage des courts-m\u00e9trages retenus lors de cette \u00e9dition, qui sont des fictions traitant de plusieurs th\u00e8mes, permettra aux sp\u00e9cialistes et au public de d\u00e9couvrir le talent de jeunes cin\u00e9astes,\u00a0 issus de diff\u00e9rentes r\u00e9gions du pays\u00a0\u00bb, a-t-il soulign\u00e9.<\/p>\n<p>Un jury, compos\u00e9 de sp\u00e9cialistes et pr\u00e9sid\u00e9 par le cin\u00e9aste Larbi Lakehal d\u00e9cernera les quatre (4) prix de cette manifestation qui se poursuivra jusqu&rsquo; au 5 novembre, \u00e0 savoir trois premiers prix (dot\u00e9s d\u2019un montant de 120.000 DA, 80.000 DA et 60.000 DA respectivement) et un prix du jury (40.000 DA), a fait savoir M. Amari.<\/p>\n<p>Des ateliers de perfectionnement et de formation pour les participants dans les techniques cin\u00e9matographiques, notamment l\u2019\u00e9criture de sc\u00e9nario, la direction de la prise de vue, le montage de films et la prise de son, sont \u00e9galement au programme des JCMB, en plus d\u2019expositions de documents photographiques sur le cin\u00e9ma national et mondial,\u00a0 pr\u00e9vus \u00e0 cette occasion.<\/p>\n<p>Le court-m\u00e9trage \u00ab\u00a0Human\u00a0\u00bb (humain), r\u00e9alis\u00e9 par Issam Taachit de la wilaya de Batna, avait remport\u00e9 le premier prix de la pr\u00e9c\u00e9dente \u00e9dition des JCMB, qui s\u2019\u00e9tait d\u00e9roul\u00e9e du 29 novembre au 02 d\u00e9cembre 2017 \u00e0 B\u00e9char.<\/p>\n<\/div>\n<p>Auteur:<br \/>\n<a href=\"http:\/\/www.aps.dz\/culture\/96793-5emes-journees-nationales-du-court-metrage-a-bechar\">Cliquez ici pour lire l&rsquo;article depuis sa source.<\/a><\/p>\n","protected":false},"excerpt":{"rendered":"<p>BECHAR &#8211; Les 5\u00e8mes journ\u00e9es nationales du court-m\u00e9trage ont d\u00e9but\u00e9 samedi \u00e0 la maison de la culture Kadi-Mohamed \u00e0 B\u00e9char. La manifestation artistique qui a vu la participation de 15 \u0153uvres cin\u00e9matographiques de jeunes issus de 14 wilayas du pays, vise \u00e0 offrir une opportunit\u00e9 aux jeunes cin\u00e9astes amateurs pour faire d\u00e9couvrir au public leurs [&hellip;]<\/p>\n","protected":false},"author":1790,"featured_media":0,"comment_status":"closed","ping_status":"closed","sticky":false,"template":"","format":"standard","meta":{"fifu_image_url":"","fifu_image_alt":"","footnotes":""},"categories":[53,79],"tags":[],"class_list":["post-66364","post","type-post","status-publish","format-standard","hentry","category-algerie","category-culture"],"_links":{"self":[{"href":"https:\/\/linitiative.ca\/International\/wp-json\/wp\/v2\/posts\/66364","targetHints":{"allow":["GET"]}}],"collection":[{"href":"https:\/\/linitiative.ca\/International\/wp-json\/wp\/v2\/posts"}],"about":[{"href":"https:\/\/linitiative.ca\/International\/wp-json\/wp\/v2\/types\/post"}],"author":[{"embeddable":true,"href":"https:\/\/linitiative.ca\/International\/wp-json\/wp\/v2\/users\/1790"}],"replies":[{"embeddable":true,"href":"https:\/\/linitiative.ca\/International\/wp-json\/wp\/v2\/comments?post=66364"}],"version-history":[{"count":0,"href":"https:\/\/linitiative.ca\/International\/wp-json\/wp\/v2\/posts\/66364\/revisions"}],"wp:attachment":[{"href":"https:\/\/linitiative.ca\/International\/wp-json\/wp\/v2\/media?parent=66364"}],"wp:term":[{"taxonomy":"category","embeddable":true,"href":"https:\/\/linitiative.ca\/International\/wp-json\/wp\/v2\/categories?post=66364"},{"taxonomy":"post_tag","embeddable":true,"href":"https:\/\/linitiative.ca\/International\/wp-json\/wp\/v2\/tags?post=66364"}],"curies":[{"name":"wp","href":"https:\/\/api.w.org\/{rel}","templated":true}]}}