{"id":66366,"date":"2019-11-03T13:04:08","date_gmt":"2019-11-03T18:04:08","guid":{"rendered":"https:\/\/linitiative.ca\/International\/une-demarche-commune-des-pays-africains-pour-restituer-leurs-archives-coloniales\/"},"modified":"2019-11-03T13:04:08","modified_gmt":"2019-11-03T18:04:08","slug":"une-demarche-commune-des-pays-africains-pour-restituer-leurs-archives-coloniales","status":"publish","type":"post","link":"https:\/\/linitiative.ca\/International\/une-demarche-commune-des-pays-africains-pour-restituer-leurs-archives-coloniales\/","title":{"rendered":"Une d\u00e9marche \u00ab\u00a0commune\u00a0\u00bb des pays africains pour restituer leurs archives coloniales"},"content":{"rendered":"<div readability=\"37\">\n<p><strong>ALGER &#8211; Les pays africains, anciennes colonies de la France et de l&rsquo;Angleterre, doivent engager une \u00ab\u00a0d\u00e9marche collective\u00a0\u00bb pour restituer les archives rest\u00e9es aux mains de l&rsquo;ancien colonisateur, ont convenu des universitaires africains lors d&rsquo;une rencontre samedi \u00e0 Alger.<\/strong><\/p>\n<\/div>\n<div readability=\"95.7094003241\">\n<p>Mbaye Thiam, enseignant d&rsquo;archivistique \u00e0 l&rsquo;universit\u00e9 de Dakar, estime que pour parvenir \u00e0 un processus de restitution \u00ab\u00a0dynamique\u00a0\u00bb de leurs archives en Europe, les Etats africains doivent \u00ab\u00a0engager des discussions en groupe avec l&rsquo;ancien colonisateur\u00a0\u00bb.<\/p>\n<blockquote readability=\"9.7212543554\">\n<p><em><strong>\u00ab\u00a0Si chaque pays devait discuter individuellement et directement avec la France, par exemple, il n&rsquo;y aura pas de \u2018solidarit\u00e9 fonctionnelle\u2019 pour comprendre les enjeux et les int\u00e9r\u00eats de chacun\u00a0\u00bb, a expliqu\u00e9 l&rsquo;universitaire qui intervenait lors d&rsquo;une rencontre en marge du <a href=\"http:\/\/www.aps.dz\/culture\/96682-le-24e-sila-ouvre-ses-portes-au-public\" target=\"_blank\" rel=\"noopener noreferrer\">24e SILA<\/a>.<\/strong><\/em><\/p>\n<\/blockquote>\n<p>Pour lui, \u00ab\u00a0les archives ne sont pas une source primordiale pour l&rsquo;\u00e9criture de l&rsquo;histoire des colonis\u00e9s qui doit explorer d&rsquo;autres sources, comme les traditions et autre sources orale, mat\u00e9rielle ou immat\u00e9rielle avec un d\u00e9calage critique.<\/p>\n<p>Le S\u00e9n\u00e9gal, ancienne colonie de la France, a \u00e9crit son histoire en s&rsquo;appuyant \u00ab\u00a0seulement\u00a0\u00bb sur une \u00ab\u00a0infime\u00a0\u00bb partie des archives, suivant un \u00ab\u00a0consensus entre les producteurs des documents, les historiens et les archivistes\u00a0\u00bb, a encore dit l&rsquo;universitaire s\u00e9n\u00e9galais.<\/p>\n<hr\/>\n<h3 class=\"c30\">Lire aussi:\u00a0<a href=\"http:\/\/www.aps.dz\/culture\/96759-sila-evocation-des-changements-sociaux-en-algerie-apres-la-premiere-guerre-mondiale\" target=\"_blank\" rel=\"noopener noreferrer\">Sila: \u00e9vocation des changements sociaux en Alg\u00e9rie apr\u00e8s la premi\u00e8re guerre mondiale<\/a><\/h3>\n<hr\/>\n<p class=\"c31\">La probl\u00e9matique de restitution des archives ne se pose au S\u00e9n\u00e9gal, a tenu \u00e0 rappeler ce chercheur en histoire, tout en affirmant que \u00ab\u00a0les n\u00e9gociateurs alg\u00e9riens n&rsquo;avaient pas \u00e9voqu\u00e9 la question des archives lors des Accords d&rsquo;Evian\u00a0\u00bb avec la France occupante, en 1962, avant d&rsquo;acc\u00e9der \u00e0 son ind\u00e9pendance.<\/p>\n<p>Confirmant ces propos, le chercheur alg\u00e9rien a pour sa part estim\u00e9 que la restitution des archives coloniales \u00ab\u00a0n&rsquo;\u00e9tait pas une priorit\u00e9\u00a0\u00bb pour les n\u00e9gociateurs alg\u00e9riens qui privil\u00e9giaient la signature de ces accords dans leur volet politique, c&rsquo;est-\u00e0-dire l&rsquo;ind\u00e9pendance, a-t-il justifi\u00e9.<\/p>\n<p>L&rsquo;ancien directeur du Centre national des Archives nationales, approuve l&rsquo;id\u00e9e d&rsquo;une d\u00e9marche collective, \u00ab\u00a0pour faire aboutir la demande de restitution des archives qui ne trouve toujours pas d&rsquo;\u00e9cho aupr\u00e8s des autorit\u00e9s d\u00e8s l&rsquo;ancien occupant\u00a0\u00bb, a-t-il insist\u00e9.<\/p>\n<hr\/>\n<h3>Lire aussi:\u00a0<a href=\"http:\/\/www.aps.dz\/algerie\/95765-massacres-du-17-octobre-les-archives-de-la-police-francaise-encore-secretes\" target=\"_blank\" rel=\"noopener noreferrer\">Massacres du 17 octobre: les archives de la police fran\u00e7aise \u00ab\u00a0encore secr\u00e8tes\u00a0\u00bb<\/a><\/h3>\n<hr\/>\n<blockquote readability=\"9\">\n<p><em><strong>L&rsquo;Alg\u00e9rie \u00ab\u00a0doit continuer \u00e0 r\u00e9clamer la restitution de toutes les archives de l&rsquo;\u00e9poque coloniale\u00a0\u00bb, a\u00a0 encore insist\u00e9 M. Soufi, ancien membre de la d\u00e9l\u00e9gation alg\u00e9rienne pour la n\u00e9gociation de la restitution\u00a0 des archives.<\/strong><\/em><\/p>\n<\/blockquote>\n<p>La premi\u00e8re demande de l&rsquo;Alg\u00e9rie aupr\u00e8s de la France pour la restitution de ses archives, remonte \u00e0 1964. Depuis les discussions entre les deux parties s&rsquo;\u00e9talent en longueur. La derni\u00e8re reprise en date de ces discussions, ayant \u00e9t\u00e9 annonc\u00e9e pour septembre 2017 par le DG des archives nationales, Abdelmadjid Chikhi.<\/p>\n<p>Lors de cette annonce, il avait d\u00e9clar\u00e9 que la restitution de ces archives \u00ab\u00a0spoli\u00e9s ou d\u00e9plac\u00e9s pendant et apr\u00e8s l&rsquo;ind\u00e9pendance\u00a0\u00bb \u00e9tait retard\u00e9e en raison de la \u00ab\u00a0lenteur de proc\u00e9dures r\u00e9glementaires\u00a0\u00bb, notamment.<\/p>\n<p>Des rencontres sur l&rsquo;histoire et l&rsquo;\u00e9dition, entre autres, sont programm\u00e9es \u00e0 24e SILA qui se poursuit jusqu&rsquo;au 9 novembre au Palais des expositions des Pins-Maritimes.<\/p>\n<\/div>\n<p>Auteur:<br \/>\n<a href=\"http:\/\/www.aps.dz\/culture\/96799-une-demarche-commune-des-pays-africains-pour-restituer-leurs-archives-coloniales\">Cliquez ici pour lire l&rsquo;article depuis sa source.<\/a><\/p>\n","protected":false},"excerpt":{"rendered":"<p>ALGER &#8211; Les pays africains, anciennes colonies de la France et de l&rsquo;Angleterre, doivent engager une \u00ab\u00a0d\u00e9marche collective\u00a0\u00bb pour restituer les archives rest\u00e9es aux mains de l&rsquo;ancien colonisateur, ont convenu des universitaires africains lors d&rsquo;une rencontre samedi \u00e0 Alger. Mbaye Thiam, enseignant d&rsquo;archivistique \u00e0 l&rsquo;universit\u00e9 de Dakar, estime que pour parvenir \u00e0 un processus de [&hellip;]<\/p>\n","protected":false},"author":1790,"featured_media":0,"comment_status":"closed","ping_status":"closed","sticky":false,"template":"","format":"standard","meta":{"fifu_image_url":"","fifu_image_alt":"","footnotes":""},"categories":[53,79],"tags":[],"class_list":["post-66366","post","type-post","status-publish","format-standard","hentry","category-algerie","category-culture"],"_links":{"self":[{"href":"https:\/\/linitiative.ca\/International\/wp-json\/wp\/v2\/posts\/66366","targetHints":{"allow":["GET"]}}],"collection":[{"href":"https:\/\/linitiative.ca\/International\/wp-json\/wp\/v2\/posts"}],"about":[{"href":"https:\/\/linitiative.ca\/International\/wp-json\/wp\/v2\/types\/post"}],"author":[{"embeddable":true,"href":"https:\/\/linitiative.ca\/International\/wp-json\/wp\/v2\/users\/1790"}],"replies":[{"embeddable":true,"href":"https:\/\/linitiative.ca\/International\/wp-json\/wp\/v2\/comments?post=66366"}],"version-history":[{"count":0,"href":"https:\/\/linitiative.ca\/International\/wp-json\/wp\/v2\/posts\/66366\/revisions"}],"wp:attachment":[{"href":"https:\/\/linitiative.ca\/International\/wp-json\/wp\/v2\/media?parent=66366"}],"wp:term":[{"taxonomy":"category","embeddable":true,"href":"https:\/\/linitiative.ca\/International\/wp-json\/wp\/v2\/categories?post=66366"},{"taxonomy":"post_tag","embeddable":true,"href":"https:\/\/linitiative.ca\/International\/wp-json\/wp\/v2\/tags?post=66366"}],"curies":[{"name":"wp","href":"https:\/\/api.w.org\/{rel}","templated":true}]}}