{"id":66367,"date":"2019-11-03T13:04:13","date_gmt":"2019-11-03T18:04:13","guid":{"rendered":"https:\/\/linitiative.ca\/International\/festival-de-linchad-le-mounchid-syrien-abdelkrim-chadi-subjugue-le-public\/"},"modified":"2019-11-03T13:04:13","modified_gmt":"2019-11-03T18:04:13","slug":"festival-de-linchad-le-mounchid-syrien-abdelkrim-chadi-subjugue-le-public","status":"publish","type":"post","link":"https:\/\/linitiative.ca\/International\/festival-de-linchad-le-mounchid-syrien-abdelkrim-chadi-subjugue-le-public\/","title":{"rendered":"Festival de l&rsquo;inchad: le Mounchid syrien Abdelkrim Chadi subjugue le public"},"content":{"rendered":"<p><span class=\"sp-nh-title\">Pr\u00e9sidentielles: l&rsquo;ANIE fixe les modalit\u00e9s de contestation de la r\u00e9gularit\u00e9 des op\u00e9rations de vote<\/span> &#8211; <span class=\"sp-nh-date\">dimanche 3 novembre 2019 18:59<\/span><\/p>\n<p><span class=\"sp-nh-title\">Valorisation de l\u2019importance culturelle et naturelle du parc national de l\u2019Ahaggar<\/span> &#8211; <span class=\"sp-nh-date\">dimanche 3 novembre 2019 18:49<\/span><\/p>\n<p><span class=\"sp-nh-title\">Arkab re\u00e7oit les ambassadeurs d&rsquo;Allemagne et d&rsquo;Iran en Alg\u00e9rie \u00a0<\/span> &#8211; <span class=\"sp-nh-date\">dimanche 3 novembre 2019 18:39<\/span><\/p>\n<p><span class=\"sp-nh-title\">Blida: une trentaine de participants au 4\u00e8 salon de l\u2019artisanat et des m\u00e9tiers<\/span> &#8211; <span class=\"sp-nh-date\">dimanche 3 novembre 2019 18:28<\/span><\/p>\n<p><span class=\"sp-nh-title\">Distribution de plus de 67.000 logements location-vente au niveau national<\/span> &#8211; <span class=\"sp-nh-date\">dimanche 3 novembre 2019 18:27<\/span><\/p>\n<p><span class=\"sp-nh-title\">Enseignement Sup\u00e9rieur: r\u00e9ception fin d\u00e9cembre de plus de 80.000 places p\u00e9dagogiques et plus de 50.000 lits<\/span> &#8211; <span class=\"sp-nh-date\">dimanche 3 novembre 2019 18:25<\/span><\/p>\n<p><span class=\"sp-nh-title\">Boukadoum re\u00e7oit le nouvel ambassadeur de Tunisie en Alg\u00e9rie<\/span> &#8211; <span class=\"sp-nh-date\">dimanche 3 novembre 2019 18:21<\/span><\/p>\n<p><span class=\"sp-nh-title\">Gestion des catastrophes majeures: vers le renforcement de la collaboration euro-m\u00e9diterran\u00e9enne\u00a0<\/span> &#8211; <span class=\"sp-nh-date\">dimanche 3 novembre 2019 18:19<\/span><\/p>\n<p><span class=\"sp-nh-title\">Contestation en Irak: nouvelles violences, Baghdad paralys\u00e9e par la gr\u00e8ve<\/span> &#8211; <span class=\"sp-nh-date\">dimanche 3 novembre 2019 18:10<\/span><\/p>\n<p><span class=\"sp-nh-title\">Rencontre internationale sur les \u00e9nergies renouvelables le 11 novembre \u00e0 Oran<\/span> &#8211; <span class=\"sp-nh-date\">dimanche 3 novembre 2019 18:07<\/span><\/p>\n<p><span class=\"sp-nh-title\">Formation professionnelle : des r\u00e9formes en perspective pour am\u00e9liorer le secteur<\/span> &#8211; <span class=\"sp-nh-date\">dimanche 3 novembre 2019 18:06<\/span><\/p>\n<p><span class=\"sp-nh-title\">Ain Defla : d\u00e9but mardi de la 15\u00e8 \u00e9dition du colloque international sur le rite mal\u00e9kite<\/span> &#8211; <span class=\"sp-nh-date\">dimanche 3 novembre 2019 17:59<\/span><\/p>\n<p><span class=\"sp-nh-title\">Num\u00e9ro sp\u00e9cial de la revue du Mus\u00e9e central de l&rsquo;Arm\u00e9e \u00e0 l&rsquo;occasion du 1er Novembre<\/span> &#8211; <span class=\"sp-nh-date\">dimanche 3 novembre 2019 17:54<\/span><\/p>\n<p><span class=\"sp-nh-title\">Mohamed Dahmani nomm\u00e9 pr\u00e9sident du Conseil d&rsquo;administration du CPA<\/span> &#8211; <span class=\"sp-nh-date\">dimanche 3 novembre 2019 17:45<\/span><\/p>\n<p><span class=\"sp-nh-title\">Pr\u00e9sidentielle du 12 d\u00e9cembre: Biographies des cinq candidats<\/span> &#8211; <span class=\"sp-nh-date\">dimanche 3 novembre 2019 17:32<\/span><\/p>\n<p><span class=\"sp-nh-title\">Un programme d&rsquo;activit\u00e9s sportives et r\u00e9cr\u00e9atives dans les \u00e9tablissements de formation<\/span> &#8211; <span class=\"sp-nh-date\">dimanche 3 novembre 2019 17:30<\/span><\/p>\n<p><span class=\"sp-nh-title\">Le minist\u00e8re de la Sant\u00e9 met en garde contre les dangers des produits pyrotechniques<\/span> &#8211; <span class=\"sp-nh-date\">dimanche 3 novembre 2019 17:11<\/span><\/p>\n<p><span class=\"sp-nh-title\">Coup d&rsquo;envoi des caravanes scientifiques \u00e0 partir de Dar El Imam<\/span> &#8211; <span class=\"sp-nh-date\">dimanche 3 novembre 2019 17:02<\/span><\/p>\n<p><span class=\"sp-nh-title\">Cinq personnes arr\u00eat\u00e9es et plus de 49.700 unit\u00e9s de produits pyrotechniques saisies \u00e0 S\u00e9tif et Tipaza<\/span> &#8211; <span class=\"sp-nh-date\">dimanche 3 novembre 2019 16:34<\/span><\/p>\n<p><span class=\"sp-nh-title\">Brahim Ghali \u00e9voque les derniers d\u00e9veloppements de la question sahraouie\u00a0<\/span> &#8211; <span class=\"sp-nh-date\">dimanche 3 novembre 2019 16:22<\/span><\/p>\n<p>Auteur:<br \/>\n<a href=\"http:\/\/www.aps.dz\/culture\/96800-festival-de-l-inchad-le-mounchid-syrien-abdelkrim-chadi-subjugue-le-public\">Cliquez ici pour lire l&rsquo;article depuis sa source.<\/a><\/p>\n","protected":false},"excerpt":{"rendered":"<p>Pr\u00e9sidentielles: l&rsquo;ANIE fixe les modalit\u00e9s de contestation de la r\u00e9gularit\u00e9 des op\u00e9rations de vote &#8211; dimanche 3 novembre 2019 18:59 Valorisation de l\u2019importance culturelle et naturelle du parc national de l\u2019Ahaggar &#8211; dimanche 3 novembre 2019 18:49 Arkab re\u00e7oit les ambassadeurs d&rsquo;Allemagne et d&rsquo;Iran en Alg\u00e9rie \u00a0 &#8211; dimanche 3 novembre 2019 18:39 Blida: une [&hellip;]<\/p>\n","protected":false},"author":1790,"featured_media":0,"comment_status":"closed","ping_status":"closed","sticky":false,"template":"","format":"standard","meta":{"fifu_image_url":"","fifu_image_alt":"","footnotes":""},"categories":[53,79],"tags":[],"class_list":["post-66367","post","type-post","status-publish","format-standard","hentry","category-algerie","category-culture"],"_links":{"self":[{"href":"https:\/\/linitiative.ca\/International\/wp-json\/wp\/v2\/posts\/66367","targetHints":{"allow":["GET"]}}],"collection":[{"href":"https:\/\/linitiative.ca\/International\/wp-json\/wp\/v2\/posts"}],"about":[{"href":"https:\/\/linitiative.ca\/International\/wp-json\/wp\/v2\/types\/post"}],"author":[{"embeddable":true,"href":"https:\/\/linitiative.ca\/International\/wp-json\/wp\/v2\/users\/1790"}],"replies":[{"embeddable":true,"href":"https:\/\/linitiative.ca\/International\/wp-json\/wp\/v2\/comments?post=66367"}],"version-history":[{"count":0,"href":"https:\/\/linitiative.ca\/International\/wp-json\/wp\/v2\/posts\/66367\/revisions"}],"wp:attachment":[{"href":"https:\/\/linitiative.ca\/International\/wp-json\/wp\/v2\/media?parent=66367"}],"wp:term":[{"taxonomy":"category","embeddable":true,"href":"https:\/\/linitiative.ca\/International\/wp-json\/wp\/v2\/categories?post=66367"},{"taxonomy":"post_tag","embeddable":true,"href":"https:\/\/linitiative.ca\/International\/wp-json\/wp\/v2\/tags?post=66367"}],"curies":[{"name":"wp","href":"https:\/\/api.w.org\/{rel}","templated":true}]}}