{"id":66368,"date":"2019-11-03T13:04:15","date_gmt":"2019-11-03T18:04:15","guid":{"rendered":"https:\/\/linitiative.ca\/International\/bechar-le-festival-allah-yajaal-men-khimatna-khiam-un-succes-populaire\/"},"modified":"2019-11-03T13:04:15","modified_gmt":"2019-11-03T18:04:15","slug":"bechar-le-festival-allah-yajaal-men-khimatna-khiam-un-succes-populaire","status":"publish","type":"post","link":"https:\/\/linitiative.ca\/International\/bechar-le-festival-allah-yajaal-men-khimatna-khiam-un-succes-populaire\/","title":{"rendered":"Bechar: le festival \u00ab\u00a0Allah Yajaal Men Khimatna Khiam\u00a0\u00bb, un succ\u00e8s populaire"},"content":{"rendered":"<div readability=\"38\">\n<p><strong>BECHAR &#8211; Le festival culturel et artistique intitul\u00e9 \u00ab\u00a0Allah Yaja\u00e2l Men Khimatna Khiam\u00a0\u00bb, dont les spectacles et les diff\u00e9rentes activit\u00e9s ont drain\u00e9 plus de 15.000 personnes depuis son coup d\u2019envoi le 17 octobre dernier \u00e0 Bechar, a connu un v\u00e9ritable succ\u00e8s populaire, selon les organisateurs.<\/strong><\/p>\n<\/div>\n<div readability=\"107\">\n<p>Cette premi\u00e8re \u00e9dition du festival, initi\u00e9e au niveau de l\u2019esplanade de la piscine olympique de Gouray, est \u00ab\u00a0un v\u00e9ritable succ\u00e8s populaire\u00a0\u00bb qui attire un public de diff\u00e9rents \u00e2ges, gr\u00e2ce \u00e0 la programmation de manifestations et de spectacles ciblant toutes les cat\u00e9gories, a pr\u00e9cis\u00e9 \u00e0 l\u2019APS M.Rahou Noureddine, pr\u00e9sident de l\u2019association culturelle \u00ab\u00a0Saharienne\u00a0\u00bb, Coorganisatrice du festival avec d\u2019autres associations locales.<\/p>\n<p>Les manifestations qui se d\u00e9roulent les mardi, jeudi et vendredi, ont permis aux spectateurs, dont une \u00e9crasante majorit\u00e9 compos\u00e9e de familles, de suivre les diverses repr\u00e9sentations et activit\u00e9s, notamment celles d\u00e9di\u00e9s \u00e0 l\u2019enfance, \u00e0 savoir des concours culturels, scientifiques et de dessins, encadr\u00e9s par des comp\u00e9tences et des artistes locaux, signale M.Rahou.<\/p>\n<p>Les enfants laur\u00e9ats de ces concours seront r\u00e9compens\u00e9s le 17 du mois en cours \u00e0 l\u2019occasion de la c\u00e9r\u00e9monie de cl\u00f4ture du festival, a-t-il ajout\u00e9.<\/p>\n<p>\u00ab\u00a0Il faut reconnaitre que ce festival nous a permis de d\u00e9couvrir des artistes, \u00e0 l\u2019instar du groupe Boudaouadde la localit\u00e9 frontali\u00e8re de B\u00e9ni-Ounif, sp\u00e9cialis\u00e9 dans les musiques modernes et qui s\u2019inspire des musiques traditionnelles de la Saoura, ce qui a \u00e9merveill\u00e9 les spectateurs, de m\u00eame que la troupe th\u00e9\u00e2trale +Wach Kayan+ avec sa pi\u00e8ce +Sadaa El Joudrane+ qui traite des durs et inhumaines conditions de d\u00e9tention des militants de la cause nationale durant l\u2019occupation coloniale\u00a0\u00bb, a soutenu le pr\u00e9sident de \u00ab\u00a0Saharienne\u00a0\u00bb.<\/p>\n<p>\u00ab\u00a0Allah Yajaal Men Khimatna Khiam\u00a0\u00bb, une manifestation qui a mis en lumi\u00e8re toute la vitalit\u00e9, la diversit\u00e9 et la richesse culturelle de la Saoura, a permis aussi la d\u00e9couverte du talent des jeunes musiciens des groupes de \u00ab\u00a0Ahl Diwane -Debdeba\u00a0\u00bb,\u00a0\u00bbOuled Bouchtat\u00a0\u00bb de Bechar et de faire red\u00e9couvrir aux spectateurs les danses populaires et traditionnelles \u00ab\u00a0Heydouss\u00a0\u00bb de la troupe de Boukais, commune frontali\u00e8re situ\u00e9e \u00e0 une soixantaine de kilom\u00e8tres au nord de Bechar.<\/p>\n<p>Les expositions d\u2019artistes-peintres, d\u2019artisans et de plusieurs autres travaux et r\u00e9alisations de jeunes artistes et de femmes au foyer n\u2019ont pas laiss\u00e9 indiff\u00e9rents les visiteurs aux stands de ce festival.<\/p>\n<p>Ce qui permis \u00e0 plusieurs d\u2019entre eux de se faire connaitre et de commercialiser leur production, ce qui constitue un apport financier important pour ces artistes,\u00a0 selon Melle Ikram Ayachi, pr\u00e9sidente de l\u2019association culturelle \u00ab\u00a0Rahik\u00a0\u00bb, Coorganisatrice du festival.<\/p>\n<p>\u00ab\u00a0Nous voulons \u00e0 travers ce festival, qui est anim\u00e9 par 320 artistes locaux, rendre acteurs les jeunes artistes pour qu\u2019ils puissent se faire connaitre aupr\u00e8s du public local au titre d\u2019un dialogue artistique entre eux et les spectateurs\u00a0\u00bb , avait d\u00e9clar\u00e9 auparavant M.Rahou.<\/p>\n<p>Oganis\u00e9e avec la collaboration de plusieurs associations culturelles et sportives de jeunes du cru, avec la contribution logistique du secteur de la jeunesse et du sport, cette manifestation est une contribution du mouvement associatif locale pour mettre en relief le r\u00f4le des jeunes dans la pr\u00e9servation et la p\u00e9rennisation du patrimoine culturel, a soulign\u00e9 le pr\u00e9sident de l\u2019association Saharienne.<\/p>\n<\/div>\n<p>Auteur:<br \/>\n<a href=\"http:\/\/www.aps.dz\/culture\/96827-bechar-le-festival-allah-yajaal-men-khimatna-khiam-un-veritable-succes-populaire\">Cliquez ici pour lire l&rsquo;article depuis sa source.<\/a><\/p>\n","protected":false},"excerpt":{"rendered":"<p>BECHAR &#8211; Le festival culturel et artistique intitul\u00e9 \u00ab\u00a0Allah Yaja\u00e2l Men Khimatna Khiam\u00a0\u00bb, dont les spectacles et les diff\u00e9rentes activit\u00e9s ont drain\u00e9 plus de 15.000 personnes depuis son coup d\u2019envoi le 17 octobre dernier \u00e0 Bechar, a connu un v\u00e9ritable succ\u00e8s populaire, selon les organisateurs. Cette premi\u00e8re \u00e9dition du festival, initi\u00e9e au niveau de l\u2019esplanade [&hellip;]<\/p>\n","protected":false},"author":1790,"featured_media":0,"comment_status":"closed","ping_status":"closed","sticky":false,"template":"","format":"standard","meta":{"fifu_image_url":"","fifu_image_alt":"","footnotes":""},"categories":[53,79],"tags":[],"class_list":["post-66368","post","type-post","status-publish","format-standard","hentry","category-algerie","category-culture"],"_links":{"self":[{"href":"https:\/\/linitiative.ca\/International\/wp-json\/wp\/v2\/posts\/66368","targetHints":{"allow":["GET"]}}],"collection":[{"href":"https:\/\/linitiative.ca\/International\/wp-json\/wp\/v2\/posts"}],"about":[{"href":"https:\/\/linitiative.ca\/International\/wp-json\/wp\/v2\/types\/post"}],"author":[{"embeddable":true,"href":"https:\/\/linitiative.ca\/International\/wp-json\/wp\/v2\/users\/1790"}],"replies":[{"embeddable":true,"href":"https:\/\/linitiative.ca\/International\/wp-json\/wp\/v2\/comments?post=66368"}],"version-history":[{"count":0,"href":"https:\/\/linitiative.ca\/International\/wp-json\/wp\/v2\/posts\/66368\/revisions"}],"wp:attachment":[{"href":"https:\/\/linitiative.ca\/International\/wp-json\/wp\/v2\/media?parent=66368"}],"wp:term":[{"taxonomy":"category","embeddable":true,"href":"https:\/\/linitiative.ca\/International\/wp-json\/wp\/v2\/categories?post=66368"},{"taxonomy":"post_tag","embeddable":true,"href":"https:\/\/linitiative.ca\/International\/wp-json\/wp\/v2\/tags?post=66368"}],"curies":[{"name":"wp","href":"https:\/\/api.w.org\/{rel}","templated":true}]}}