{"id":66374,"date":"2019-11-03T11:02:26","date_gmt":"2019-11-03T16:02:26","guid":{"rendered":"https:\/\/linitiative.ca\/International\/lancement-du-clip-video-laissez-lamour-vivre\/"},"modified":"2019-11-03T11:02:26","modified_gmt":"2019-11-03T16:02:26","slug":"lancement-du-clip-video-laissez-lamour-vivre","status":"publish","type":"post","link":"https:\/\/linitiative.ca\/International\/lancement-du-clip-video-laissez-lamour-vivre\/","title":{"rendered":"Lancement du clip-vid\u00e9o \u00ab\u00a0Laissez l\u2019amour vivre\u00a0\u00bb"},"content":{"rendered":"<div readability=\"36\">\n<p>Essaouira \u2013 La c\u00e9r\u00e9monie du lancement officiel du clip-vid\u00e9o \u00ab\u00a0Khlliw Lhoub yiich\u00a0\u00bb (Laissez l\u2019amour vivre) de son chanteur, le jeune souiri Hicham Dinar, a eu lieu samedi soir \u00e0 Essaouira.<\/p>\n<\/div>\n<div readability=\"107\">\n<p>Lors de cette c\u00e9r\u00e9monie, organis\u00e9e en marge de la 16\u00e8 \u00e9dition du Festival des Andalousies Atlantiques, il a \u00e9t\u00e9 proc\u00e9d\u00e9 \u00e0 la pr\u00e9sentation, en avant premi\u00e8re, de cette chanson sublime qui vise \u00e0 transmettre \u00e0 tout le monde un message d\u2019amour, de paix, de tol\u00e9rance et du vivre-ensemble qui constitue l\u2019ADN de la cit\u00e9 des Aliz\u00e9s.<\/p>\n<p>Cette initiative s\u2019inscrit dans le sillage des cr\u00e9ations culturelles et artistiques qui c\u00e9l\u00e8brent la paix, l\u2019amour et la convivialit\u00e9 culturelle et religieuse \u00e0 Essaouira, ce berceau des cultures et des religions et de m\u00e9tissage des civilisations.<\/p>\n<p>Cette chanson est \u00e9crite et compos\u00e9e par Sa\u00efd Roumani et le Choral des enfants de l\u2019Association les Jeunes de l\u2019art authentique et du patrimoine de la Zaouia El Kadiriya d\u2019Essaouira, avec la collaboration de l\u2019Association Essaouira-Mogador.<\/p>\n<p>Approch\u00e9 par la MAP, M. Dinar, \u00e9galement Moqadem de la Zaouia El Kadiriya \u00e0 Essaouira, a fait savoir que cette oeuvre artistique se veut un appel \u00e0 tous pour faire diffuser les valeurs de paix, de tol\u00e9rance et du vivre ensemble dans tous pays \u00e0 travers le monde, rappelant que sa mission est aussi de d\u00e9construire les pr\u00e9jug\u00e9s et les images st\u00e9r\u00e9otyp\u00e9es autour de la religion musulmane.<\/p>\n<p>Il s\u2019agit de d\u00e9montrer que l\u2019Islam constitue, sans nul conteste, une religion d\u2019ouverture, de paix, de respect mutuel, de convivialit\u00e9, et du bien commun pour toute l\u2019humanit\u00e9, a-t-il expliqu\u00e9, notant que le tournage des s\u00e9quences de ce clip-vid\u00e9o s\u2019est d\u00e9roul\u00e9 au sein d\u2019une mosqu\u00e9e, d\u2019une synagogue et d\u2019une \u00e9glise, outre plusieurs endroits et espaces de la cit\u00e9 des Aliz\u00e9s (ruelles, riads\u2026).<\/p>\n<p>Et d\u2019ajouter que l\u2019id\u00e9e de cette chanson lui est propre, compte tenu de la place qu\u2019occupe Essaouira en tant que carrefour et symbole in\u00e9galable de la coexistence religieuse au Maroc, pr\u00e9cisant que l\u2019enregistrement, la distribution et le mixage de ce clip-vid\u00e9o ont \u00e9t\u00e9 assur\u00e9s \u00e0 Casablanca par Adil Lakhlifi.<\/p>\n<p>Par la m\u00eame occasion, M. Dinar a fait part de son engagement et de sa d\u00e9termination \u00e0 multiplier ce genre d\u2019initiatives, \u00e0 m\u00eame de permettre le rapprochement entre les peuples et les cultures, l\u2019acceptation de l\u2019autre et le respect mutuel, notamment dans un monde en proie \u00e0 la fracture, au repli et aux violences de tous bords.<\/p>\n<p>Au nom de l\u2019Association Essaouira-Mogador, M. Ahmed Harrouz a mis en avant l\u2019importance et la port\u00e9e philosophique et intellectuelle de ce travail et ce, au-del\u00e0 de son aspect artistique.<\/p>\n<p>Et de conclure que ce clip-vid\u00e9o, qui met en relief l\u2019esprit d\u2019Essaouira en tant que ville Monde et espace du vivre-ensemble qui appelle \u00e0 l\u2019ouverture et au dialogue, incarne ce message de r\u00e9silience contre le radicalisme et toute id\u00e9e obscurantiste.<\/p>\n<\/div>\n<p>Auteur: Meriem IGASS<br \/>\n<a href=\"http:\/\/www.mapmarrakech.ma\/fr\/dinar\/\">Cliquez ici pour lire l&rsquo;article depuis sa source.<\/a><\/p>\n","protected":false},"excerpt":{"rendered":"<p>Essaouira \u2013 La c\u00e9r\u00e9monie du lancement officiel du clip-vid\u00e9o \u00ab\u00a0Khlliw Lhoub yiich\u00a0\u00bb (Laissez l\u2019amour vivre) de son chanteur, le jeune souiri Hicham Dinar, a eu lieu samedi soir \u00e0 Essaouira. Lors de cette c\u00e9r\u00e9monie, organis\u00e9e en marge de la 16\u00e8 \u00e9dition du Festival des Andalousies Atlantiques, il a \u00e9t\u00e9 proc\u00e9d\u00e9 \u00e0 la pr\u00e9sentation, en avant [&hellip;]<\/p>\n","protected":false},"author":1788,"featured_media":0,"comment_status":"closed","ping_status":"closed","sticky":false,"template":"","format":"standard","meta":{"fifu_image_url":"","fifu_image_alt":"","footnotes":""},"categories":[54,76],"tags":[],"class_list":["post-66374","post","type-post","status-publish","format-standard","hentry","category-maroc","category-regions"],"_links":{"self":[{"href":"https:\/\/linitiative.ca\/International\/wp-json\/wp\/v2\/posts\/66374","targetHints":{"allow":["GET"]}}],"collection":[{"href":"https:\/\/linitiative.ca\/International\/wp-json\/wp\/v2\/posts"}],"about":[{"href":"https:\/\/linitiative.ca\/International\/wp-json\/wp\/v2\/types\/post"}],"author":[{"embeddable":true,"href":"https:\/\/linitiative.ca\/International\/wp-json\/wp\/v2\/users\/1788"}],"replies":[{"embeddable":true,"href":"https:\/\/linitiative.ca\/International\/wp-json\/wp\/v2\/comments?post=66374"}],"version-history":[{"count":0,"href":"https:\/\/linitiative.ca\/International\/wp-json\/wp\/v2\/posts\/66374\/revisions"}],"wp:attachment":[{"href":"https:\/\/linitiative.ca\/International\/wp-json\/wp\/v2\/media?parent=66374"}],"wp:term":[{"taxonomy":"category","embeddable":true,"href":"https:\/\/linitiative.ca\/International\/wp-json\/wp\/v2\/categories?post=66374"},{"taxonomy":"post_tag","embeddable":true,"href":"https:\/\/linitiative.ca\/International\/wp-json\/wp\/v2\/tags?post=66374"}],"curies":[{"name":"wp","href":"https:\/\/api.w.org\/{rel}","templated":true}]}}