{"id":66375,"date":"2019-11-03T11:12:47","date_gmt":"2019-11-03T16:12:47","guid":{"rendered":"https:\/\/linitiative.ca\/International\/dalila-maksoub-jette-les-ponts-entre-grenade-et-essaouira\/"},"modified":"2019-11-03T11:12:47","modified_gmt":"2019-11-03T16:12:47","slug":"dalila-maksoub-jette-les-ponts-entre-grenade-et-essaouira","status":"publish","type":"post","link":"https:\/\/linitiative.ca\/International\/dalila-maksoub-jette-les-ponts-entre-grenade-et-essaouira\/","title":{"rendered":"Dalila Maksoub jette les ponts entre Grenade et Essaouira"},"content":{"rendered":"<div readability=\"39\">\n<p>Essaouira \u2013 Pour la troisi\u00e8me journ\u00e9e cons\u00e9cutive, le Festival des Andalousies s\u2019est poursuivi, samedi, dans la convivialit\u00e9 et la fraternit\u00e9 exemplaire, en offrant l\u2019opportunit\u00e9 \u00e0 la talentueuse Dalila Maksoub d\u2019illuminer la sc\u00e8ne de Dar Souiri, le temps d\u2019un concert inoubliable.<\/p>\n<\/div>\n<div readability=\"112\">\n<p>A travers cette belle interpr\u00e9tation musicale, Dalila Maksoub a su, avec brio et un professionnalisme in\u00e9galable, conqu\u00e9rir les coeurs des festivaliers de diff\u00e9rentes confessions et issus des quatre coins du monde, en les invitant \u00e0 un long voyage \u00e0 la d\u00e9couverte de l\u2019Andalousie des Lumi\u00e8res.<\/p>\n<p>En gratifiant l\u2019assistance d\u2019un floril\u00e8ge de chansons du r\u00e9pertoire musical notamment Gharnati, si embl\u00e9matique et des plus authentiques, Dalila Maksoub a jet\u00e9 ainsi les passerelles entre Grenade et Essaouira, cette cit\u00e9 qui, t\u00f4t, a plac\u00e9 les valeurs de tol\u00e9rance, d\u2019ouverture et du vivre-ensemble au coeur de son ADN pour en faire une r\u00e9alit\u00e9 du quotidien.<\/p>\n<p>Originaire d\u2019Oujda, Dalila Maksoub a la musique dans la peau, car passionn\u00e9e depuis son jeune \u00e2ge, en chantant r\u00e9guli\u00e8rement sur sc\u00e8ne et disposant de moult projets.<\/p>\n<p>Elle est membre de plusieurs associations: \u00ab\u00a0Al Andaloussia\u00a0\u00bb, \u00ab\u00a0Al Moussilia\u00a0\u00bb et \u00ab\u00a0Tarab\u00a0\u00bb de musique gharnatie. Cette exp\u00e9rience riche et enrichissante lui a permis non seulement d\u2019acqu\u00e9rir de grandes techniques vocales et d\u2019approfondir ses \u00e9tudes musicales, mais aussi de prendre confiance en elle.<\/p>\n<p>Dalila Maksoub dispose de plusieurs cordes \u00e0 son arc, puisqu\u2019elle a de grandes capacit\u00e9s \u00e0 jouer avec plusieurs instruments. Elle manie parfaitement le violon, la kwitra, et la mondoline. Elle enseigne maintenant le chant gharnati \u00e0 Casablanca en d\u00e9montrant une grande passion pour la transmission de ce legs \u00e0 ses \u00e9l\u00e8ves.<\/p>\n<p>Toujours dans cet \u00e9lan, l\u2019espace embl\u00e9matique de Bayt Dakira, un complexe unique au monde alliant spiritualit\u00e9, histoire et recherche scientifique, a ouvert ses portes pour accueillir les musiciens de l\u2019Orchestre Rawafid de Tanger et ceux de la Compania Leonor Leal de S\u00e9ville. De belles retrouvailles tant attendues et qui ont pris tout leur sens ici \u00e0 Essaouira.<\/p>\n<p>Par la suite, et toujours dans cet espace charg\u00e9 d\u2019histoire, l\u2019honneur a \u00e9t\u00e9 fait \u00e0 la toute gracieuse Samia Ahmed de faire \u00e9cho aux m\u00e9moires m\u00eal\u00e9es qui ont nourri et inspir\u00e9 la renaissance de Bayt Dakira \u00e0 Essaouira.<\/p>\n<p>Un pari r\u00e9ussi et une mission accomplie avec grand succ\u00e8s par Samia Ahmed qui, lors de cette aventure musicale, a \u00e9t\u00e9 accompagn\u00e9e du maestro souiri Abdessamad Amara, le temps de permettre aux m\u00e9lomanes de la bonne musique, celle de l\u2019\u00e2ge des lumi\u00e8res, de renouer avec un style tout aussi original que suscitant nostalgie et \u00e9motions.<\/p>\n<p>N\u00e9e \u00e0 Safi, Samia Ahmed est une chanteuse \u00e0 la carri\u00e8re prometteuse et au r\u00e9pertoire multiple et vari\u00e9.<\/p>\n<p>En r\u00e9cital, elle excelle dans tous les r\u00e9pertoires et n\u2019h\u00e9site pas \u00e0 mettre son art au service des causes humaines. Par la suite, elle fonde avec des amis d\u00e9vou\u00e9s au chant arabo-andalou, le groupe \u00ab\u00a0Jossour\u00a0\u00bb.<\/p>\n<p>Samia Ahmed rencontre le grand ma\u00eetre Sa\u00efd Chra\u00efbi qui la soutient pour le lancement de sa carri\u00e8re artistique. Elle participe aux principaux festivals au Maroc \u00e0 l\u2019instar de \u00ab\u00a0Mawazine\u00a0\u00bb ou encore \u00ab\u00a0Timitar\u00a0\u00bb, avec une \u00ab\u00a0passion andalouse\u00a0\u00bb.<\/p>\n<\/div>\n<p>Auteur: Meriem IGASS<br \/>\n<a href=\"http:\/\/www.mapmarrakech.ma\/fr\/maksoub\/\">Cliquez ici pour lire l&rsquo;article depuis sa source.<\/a><\/p>\n","protected":false},"excerpt":{"rendered":"<p>Essaouira \u2013 Pour la troisi\u00e8me journ\u00e9e cons\u00e9cutive, le Festival des Andalousies s\u2019est poursuivi, samedi, dans la convivialit\u00e9 et la fraternit\u00e9 exemplaire, en offrant l\u2019opportunit\u00e9 \u00e0 la talentueuse Dalila Maksoub d\u2019illuminer la sc\u00e8ne de Dar Souiri, le temps d\u2019un concert inoubliable. A travers cette belle interpr\u00e9tation musicale, Dalila Maksoub a su, avec brio et un professionnalisme [&hellip;]<\/p>\n","protected":false},"author":1788,"featured_media":0,"comment_status":"closed","ping_status":"closed","sticky":false,"template":"","format":"standard","meta":{"fifu_image_url":"","fifu_image_alt":"","footnotes":""},"categories":[54,76],"tags":[],"class_list":["post-66375","post","type-post","status-publish","format-standard","hentry","category-maroc","category-regions"],"_links":{"self":[{"href":"https:\/\/linitiative.ca\/International\/wp-json\/wp\/v2\/posts\/66375","targetHints":{"allow":["GET"]}}],"collection":[{"href":"https:\/\/linitiative.ca\/International\/wp-json\/wp\/v2\/posts"}],"about":[{"href":"https:\/\/linitiative.ca\/International\/wp-json\/wp\/v2\/types\/post"}],"author":[{"embeddable":true,"href":"https:\/\/linitiative.ca\/International\/wp-json\/wp\/v2\/users\/1788"}],"replies":[{"embeddable":true,"href":"https:\/\/linitiative.ca\/International\/wp-json\/wp\/v2\/comments?post=66375"}],"version-history":[{"count":0,"href":"https:\/\/linitiative.ca\/International\/wp-json\/wp\/v2\/posts\/66375\/revisions"}],"wp:attachment":[{"href":"https:\/\/linitiative.ca\/International\/wp-json\/wp\/v2\/media?parent=66375"}],"wp:term":[{"taxonomy":"category","embeddable":true,"href":"https:\/\/linitiative.ca\/International\/wp-json\/wp\/v2\/categories?post=66375"},{"taxonomy":"post_tag","embeddable":true,"href":"https:\/\/linitiative.ca\/International\/wp-json\/wp\/v2\/tags?post=66375"}],"curies":[{"name":"wp","href":"https:\/\/api.w.org\/{rel}","templated":true}]}}