{"id":66376,"date":"2019-11-03T12:08:43","date_gmt":"2019-11-03T17:08:43","guid":{"rendered":"https:\/\/linitiative.ca\/International\/andalousie-essaouira-de-grandes-similitudes\/"},"modified":"2019-11-03T12:08:43","modified_gmt":"2019-11-03T17:08:43","slug":"andalousie-essaouira-de-grandes-similitudes","status":"publish","type":"post","link":"https:\/\/linitiative.ca\/International\/andalousie-essaouira-de-grandes-similitudes\/","title":{"rendered":"Andalousie-Essaouira: De grandes similitudes"},"content":{"rendered":"<div readability=\"38\">\n<p>Essaouira \u2013 L\u2019Andalousie et la ville d\u2019Essaouira ont fait de la diversit\u00e9 culturelle le meilleur de ce qu\u2019elles ont en commun comme h\u00e9ritage, a soulign\u00e9, samedi \u00e0 Essaouira, le ministre r\u00e9gional de la pr\u00e9sidence du gouvernement autonome d\u2019Andalousie, Elias Bendodo.<\/p>\n<\/div>\n<div readability=\"138.5\">\n<p>\u00ab\u00a0La ville d\u2019Essaouira et la r\u00e9gion de l\u2019Andalousie disposent de grandes similitudes car toutes les deux ont \u00e9t\u00e9 travers\u00e9es par les civilisations les plus avanc\u00e9es, \u00e0 m\u00eame de permettre \u00e0 chacune d\u2019elles de faire de la diversit\u00e9 culturelle ce qu\u2019elle a de mieux dans son h\u00e9ritage\u00a0\u00bb, a-t-il indiqu\u00e9 lors de sa participation au forum-agora de la 16\u00e8 \u00e9dition du Festival des Andalousies Atlantiques.<\/p>\n<p>\u00ab\u00a0Il existe certainement beaucoup de choses qui nous unissent que celles qui nous s\u00e9parent\u00a0\u00bb, a fait remarquer M. Bendodo, disant toute sa fiert\u00e9 et sa joie de se retrouver \u00e0 Essaouira le temps de ce festival unique au monde par son concept et sa d\u00e9marche, au service de la promotion du dialogue et de la compr\u00e9hension mutuelle entre les peuples et les citoyens.<\/p>\n<p>Tout en \u00e9mettant le souhait que cet \u00e9v\u00e9nement de haute facture puisse \u00eatre dupliqu\u00e9 \u00e0 travers le monde, il a lou\u00e9 tous les efforts d\u00e9ploy\u00e9s par la Fondation des Trois Cultures pour le rapprochement entre les peuples et la promotion de la diversit\u00e9 culturelle, avec \u00e0 l\u2019actif deux d\u00e9cennies de projets et d\u2019activit\u00e9s institutionnelles, ayant comme objectif prioritaire celui de promouvoir le dialogue, le respect, la connaissance et de les utiliser pour contrecarrer le radicalisme.<\/p>\n<p>\u00ab\u00a0A S\u00e9ville comme \u00e0 Essaouira, Juifs, Musulmans et Chr\u00e9tiens peuvent se rencontrer et \u00e9changer dans le respect mutuel\u00a0\u00bb, a-t-il poursuivi, mettant en avant l\u2019importance de ce forum comme laboratoire d\u2019id\u00e9es et de r\u00e9flexions qui se d\u00e9veloppe d\u2019une \u00e9dition \u00e0 l\u2019autre.<\/p>\n<p>Rappelant la visite au Maroc, en juin dernier, du pr\u00e9sident du gouvernement autonome d\u2019Andalousie, M. Juan Manuel Moreno, il a soulign\u00e9 l\u2019importance de renforcer et de densifier la coop\u00e9ration entre les deux parties, qui ont su pr\u00e9server ce traditionnel environnement chaleureux.<\/p>\n<p>Dans la foul\u00e9e, M. Bendodo a estim\u00e9 que le temps est arriv\u00e9 pour atteindre un niveau sup\u00e9rieur de partenariat \u00ab\u00a0parce que ce n\u2019est pas uniquement le pass\u00e9 qui nous unit et r\u00e9unit, c\u2019est notre avenir aussi. L\u2019avenir de deux peuples qui doivent se comprendre et collaborer ensemble pour pouvoir projeter un avenir de progr\u00e8s et de d\u00e9veloppement partag\u00e9\u00a0\u00bb.<\/p>\n<p>\u00ab\u00a0Cela ne sera pas la derni\u00e8re fois que nous allons parler dans cet espace culturel exceptionnel qui se veut une r\u00e9f\u00e9rence incontournable du dialogue et de la coexistence qu\u2019Essaouira repr\u00e9sente dans le monde entier\u00a0\u00bb, a-t-il relev\u00e9, notant que dans une soci\u00e9t\u00e9 troubl\u00e9e o\u00f9 la r\u00e9alit\u00e9 du jour est parsem\u00e9e de conflits et de d\u00e9saccords, \u00ab\u00a0il est de notre devoir d\u2019oeuvrer, la main dans la main, pour un pr\u00e9sent et un avenir meilleurs\u00a0\u00bb.<\/p>\n<div readability=\"104\">\n<p>De son c\u00f4t\u00e9, la ministre r\u00e9gionale de la culture et du patrimoine historique au gouvernement autonome d\u2019Andalousie, Patricia Del Pozo Fernandez, a fait part de son immense joie et de sa grande fiert\u00e9 d\u2019\u00eatre au Maroc, et plus pr\u00e9cis\u00e9ment \u00e0 Essaouira, pour assister au Festival des Andalousies Atlantiques qui \u00ab\u00a0constitue pour nous l\u2019un des \u00e9v\u00e9nements culturels les plus prestigieux\u00a0\u00bb.<\/p>\n<p>Tout en mettant en relief l\u2019importance accord\u00e9e \u00e0 la culture au niveau de la r\u00e9gion de l\u2019Andalousie, comme vecteur de rapprochement et de compr\u00e9hension mutuelle entre les peuples et levier de d\u00e9veloppement socio-\u00e9conomique, Mme Del Pozo Fernandez a r\u00e9it\u00e9r\u00e9 sa d\u00e9termination et son engagement \u00e0 soutenir ce Festival et \u00e0 consolider et raffermir les liens de partenariat culturel entre la r\u00e9gion de l\u2019Andalousie et celle d\u2019Essaouira.<\/p>\n<p>Par la m\u00eame occasion, elle a propos\u00e9 de proc\u00e9der, lors de la prochaine \u00e9dition du Festival des Andalousies Atlantiques, \u00e0 un jumelage entre le flamenco et la musique andalouse, soulignant que ce Festival est un concept novateur et une vraie \u00e9cole en mati\u00e8re du vivre-ensemble.<\/p>\n<p>M. Rachid Belmokhtar, membre de l\u2019Association Essaouira-Mogador, a lou\u00e9 les efforts d\u00e9ploy\u00e9s par l\u2019Association pour la promotion des valeurs de paix, de tol\u00e9rance et de coexistence, mettant en exergue l\u2019approche adopt\u00e9e localement, \u00e0 savoir celle de faire de la culture un moteur de la dynamique locale de d\u00e9veloppement.<\/p>\n<p>Essaouira offre une opportunit\u00e9 si singuli\u00e8re pour l\u2019immersion dans la culture, dans les arts et surtout dans l\u2019histoire du Maroc, sachant qu\u2019une grande partie de l\u2019histoire du Royaume s\u2019\u00e9tait jou\u00e9e dans cette cit\u00e9 universelle, a-t-il dit.<\/p>\n<p>Le pr\u00e9sident de la Biennale du Flamenco \u00e0 S\u00e9ville, M. Antonio Zoido, s\u2019est f\u00e9licit\u00e9 de sa pr\u00e9sence \u00e0 Essaouira, ville incontournable de la richesse et de la diversit\u00e9 culturelle et artistique, avant de mettre l\u2019accent sur les similitudes et les passerelles \u00e9troites existant entre le flamenco et la musique andalouse et ce, au-del\u00e0 des singularit\u00e9s propres \u00e0 chaque style de musique.<\/p>\n<p>Quant \u00e0 l\u2019ambassadeur d\u2019Espagne au Maroc, M. Ricardo Diez-Hochleitner, il a mis en avant une confluence de facteurs qui font actuellement du Festival des Andalousies Atlantiques, une occasion tr\u00e8s particuli\u00e8re de mise en valeur de la relation entre l\u2019Espagne et le Maroc, rappelant la c\u00e9l\u00e9bration, cette ann\u00e9e, du 20\u00e8me anniversaire de la Fondation des Trois Cultures \u00e0 S\u00e9ville.<\/p>\n<p>Apr\u00e8s s\u2019\u00eatre f\u00e9licit\u00e9 de la pr\u00e9sence d\u2019une forte d\u00e9l\u00e9gation espagnole au Festival des Andalousies Atlantiques, le diplomate espagnol a relev\u00e9 l\u2019existence d\u2019une chose qui \u00ab\u00a0nous unit tr\u00e8s profond\u00e9ment au-del\u00e0 des chiffres \u00e9conomiques et commerciaux, au-del\u00e0 de la magnifique entente politique qui lie nos deux Royaumes, une chose qui existe et se porte tr\u00e8s profond\u00e9ment dans le coeur de chaque Espagnol et de chaque Marocain, \u00e0 savoir la culture\u00a0\u00bb.<\/p>\n<p>Et de poursuivre qu\u2019Essaouira est devenue \u00ab\u00a0un lieu et un lien qui nous offrent l\u2019opportunit\u00e9 de c\u00e9l\u00e9brer cette r\u00e9alit\u00e9 et de la projeter vers l\u2019ensemble de nos voisins de la M\u00e9diterran\u00e9e. Ensemble, culture musulmane, culture juive et culture chr\u00e9tienne constituent un berceau qui part du m\u00eame Livre, qui ont su en Espagne et au Maroc vivre ensemble de fa\u00e7on fructueuse, cordiale et particuli\u00e8rement exemplaire\u00a0\u00bb.<\/p>\n<p>Il a, dans ce sens, not\u00e9 qu\u2019il ne suffit pas de porter la culture dans le coeur, mais il faut en faire une r\u00e9alit\u00e9 et la transmettre aux gens pour qu\u2019ils la vivent et la ressentent, estimant qu\u2019Essaouira offre cette opportunit\u00e9.<\/p>\n<p>Ce Forum-Agora a \u00e9t\u00e9 agr\u00e9ment\u00e9 par une s\u00e9rie de t\u00e9moignages et de chants interpr\u00e9t\u00e9s par des artistes, dont Benomar Ziyani, Lalla Tamar, Hicham Dinar et autres, \u00e0 travers lesquels ils ont bien voulu livrer des messages de paix, de tol\u00e9rance, d\u2019amour et de fraternit\u00e9.<\/p>\n<\/div>\n<\/div>\n<p>Auteur: Meriem IGASS<br \/>\n<a href=\"http:\/\/www.mapmarrakech.ma\/fr\/essaouira-2\/\">Cliquez ici pour lire l&rsquo;article depuis sa source.<\/a><\/p>\n","protected":false},"excerpt":{"rendered":"<p>Essaouira \u2013 L\u2019Andalousie et la ville d\u2019Essaouira ont fait de la diversit\u00e9 culturelle le meilleur de ce qu\u2019elles ont en commun comme h\u00e9ritage, a soulign\u00e9, samedi \u00e0 Essaouira, le ministre r\u00e9gional de la pr\u00e9sidence du gouvernement autonome d\u2019Andalousie, Elias Bendodo. \u00ab\u00a0La ville d\u2019Essaouira et la r\u00e9gion de l\u2019Andalousie disposent de grandes similitudes car toutes les [&hellip;]<\/p>\n","protected":false},"author":1788,"featured_media":0,"comment_status":"closed","ping_status":"closed","sticky":false,"template":"","format":"standard","meta":{"fifu_image_url":"","fifu_image_alt":"","footnotes":""},"categories":[54,76],"tags":[],"class_list":["post-66376","post","type-post","status-publish","format-standard","hentry","category-maroc","category-regions"],"_links":{"self":[{"href":"https:\/\/linitiative.ca\/International\/wp-json\/wp\/v2\/posts\/66376","targetHints":{"allow":["GET"]}}],"collection":[{"href":"https:\/\/linitiative.ca\/International\/wp-json\/wp\/v2\/posts"}],"about":[{"href":"https:\/\/linitiative.ca\/International\/wp-json\/wp\/v2\/types\/post"}],"author":[{"embeddable":true,"href":"https:\/\/linitiative.ca\/International\/wp-json\/wp\/v2\/users\/1788"}],"replies":[{"embeddable":true,"href":"https:\/\/linitiative.ca\/International\/wp-json\/wp\/v2\/comments?post=66376"}],"version-history":[{"count":0,"href":"https:\/\/linitiative.ca\/International\/wp-json\/wp\/v2\/posts\/66376\/revisions"}],"wp:attachment":[{"href":"https:\/\/linitiative.ca\/International\/wp-json\/wp\/v2\/media?parent=66376"}],"wp:term":[{"taxonomy":"category","embeddable":true,"href":"https:\/\/linitiative.ca\/International\/wp-json\/wp\/v2\/categories?post=66376"},{"taxonomy":"post_tag","embeddable":true,"href":"https:\/\/linitiative.ca\/International\/wp-json\/wp\/v2\/tags?post=66376"}],"curies":[{"name":"wp","href":"https:\/\/api.w.org\/{rel}","templated":true}]}}