{"id":66377,"date":"2019-11-03T13:35:49","date_gmt":"2019-11-03T18:35:49","guid":{"rendered":"https:\/\/linitiative.ca\/International\/cloture-du-16e-festival-des-andalousies-atlantiques\/"},"modified":"2019-11-03T13:35:49","modified_gmt":"2019-11-03T18:35:49","slug":"cloture-du-16e-festival-des-andalousies-atlantiques","status":"publish","type":"post","link":"https:\/\/linitiative.ca\/International\/cloture-du-16e-festival-des-andalousies-atlantiques\/","title":{"rendered":"Cl\u00f4ture du 16\u00e8 Festival des Andalousies Atlantiques"},"content":{"rendered":"<div readability=\"37\">\n<p>Essaouira \u2013 Le Festival des Andalousies Atlantiques d\u2019Essaouira a tenu toutes ses promesses et r\u00e9ussi le pari en r\u00e9unissant le temps d\u2019un concert de cl\u00f4ture, en toute apoth\u00e9ose, plusieurs milliers de festivaliers autour de deux ic\u00f4nes incontournables de la sc\u00e8ne musicale marocaine : Benomar Ziani et Raymonde El Bidaouia.<\/p>\n<\/div>\n<div readability=\"132\">\n<p>Un concert historique, qui a pu enfin avoir lieu dans la mythique place El Menzah, \u00e0 Essaouira, cette ville de tous les possibles et des belles surprises et ce, apr\u00e8s de longues ann\u00e9es dans leurs parcours artistiques si riches et diversifi\u00e9s et des exp\u00e9riences in\u00e9galables dans la promotion et la pr\u00e9servation d\u2019un art musical des plus embl\u00e9matiques.<\/p>\n<p>C\u2019est dans une ambiance \u00e9lectrique que le public pr\u00e9sent a pu accueillir, sous une salve d\u2019ovations, dans un premier temps le \u00ab\u00a0Jimmy Hendrix\u00a0\u00bb marocain du violon, Benomar Ziani, qui a gratifi\u00e9 l\u2019assistance d\u2019un floril\u00e8ge de chansons de la \u00ab\u00a0belle \u00e9poque\u00a0\u00bb suscitant admiration et \u00e9motion, \u00e0 l\u2019instar de \u00ab\u00a0Allah Yatik b Sbar\u00a0\u00bb, \u00ab\u00a0Choufou Halti\u00a0\u00bb, \u00ab\u00a0Ayani Ayani Chibani\u00a0\u00bb et \u00a0\u00bbDour Biha Ya Chibani\u00a0\u00bb entre autres.<\/p>\n<p>Et ce n\u2019est pas tout, puisque quelque temps apr\u00e8s, Benomar Ziani a d\u00fb partager la sc\u00e8ne avec la Diva Raymonde El Bidaouia, formant ainsi un duo exceptionnel, le temps d\u2019interpr\u00e9ter ensemble, dans une symbiose et une synchronisation inou\u00efes, des chansons des plus populaires puis\u00e9es du Chgouri et de la Ayta, r\u00e9p\u00e9t\u00e9es en choeur par le public pr\u00e9sent.<\/p>\n<p>Et pour clore en beaut\u00e9 cette soir\u00e9e exceptionnelle inscrite en lettres d\u2019or dans les Annales des Andalousies Atlantiques d\u2019Essaouira, c\u2019est Raymonde El Bidaouia qui a honor\u00e9 le public conquis avec des titres m\u00e9morables : \u00ab\u00a0Matakchi biya\u00a0\u00bb, \u00ab\u00a0Wakha chafouni Saket\u00a0\u00bb, \u00ab\u00a0Lamouni li Gharoui mini\u00a0\u00bb, \u00ab\u00a0Jari Ya Hamouda\u00a0\u00bb ou encore \u00ab\u00a0Hiya hiya\u00a0\u00bb.<\/p>\n<p>Une grande aventure musicale pleinement assur\u00e9e par deux grandes figures embl\u00e9matiques de la sc\u00e8ne musicale marocaine. Un vrai hommage au r\u00e9pertoire musical vari\u00e9 et authentique d\u2019un Maroc \u00e0 la fois fier et riche de sa diversit\u00e9 culturelle et artistique, sign\u00e9 des mains de l\u2019orchestre El Idrissi.<\/p>\n<p>En r\u00e9unissant ces deux ic\u00f4nes du patrimoine jud\u00e9o-arabe pour chanter, Essaouira a toutes les audaces de demander \u00e0 ces deux stars de partager la sc\u00e8ne le temps d\u2019un beau moment de retrouvailles. Un moment historique comme l\u2019a \u00e9t\u00e9 en 2018, l\u2019inoubliable concert de Hajja El Hamdaouia et de Raymonde El Bidaouia.<\/p>\n<p>Auparavant, et pour le plaisir et le bonheur des festivaliers, Essaouira a offert l\u2019opportunit\u00e9 \u00e0 Asmaa Lazrek en compagnie de l\u2019Orchestre Al Assala de Mekn\u00e8s, dirig\u00e9 par Ma\u00eetre Rachid Lahkim, d\u2019offrir \u00e0 ses aficionados, un concert amplement d\u00e9di\u00e9 au Malhoun jud\u00e9o-marocain: Une vraie immersion au coeur des \u00ab\u00a0Qsaid\u00a0\u00bb dans la pure tradition marocaine du grand art du Malhoun.<\/p>\n<p>Apr\u00e8s trois jours \u00e0 la fois festifs et studieux ayant permis \u00e0 tous de plonger dans l\u2019\u00e2ge d\u2019or andalou, lieu et lien de la symbiose et de la convivialit\u00e9, le Festival des Andalousies Atlantiques a pris fin en donnant rendez-vous \u00e0 ses habitu\u00e9s et \u00e0 ses illustres h\u00f4tes pour de nouvelles manifestations culturelles, artistiques et intellectuelles de haute facture. Une suite toute logique pour une ville qui a toutes les capacit\u00e9s de gagner le pari et qui a mis\u00e9 depuis pr\u00e8s de trente ans sur la culture comme levier de d\u00e9veloppement et moyen de rayonnement \u00e0 l\u2019international.<\/p>\n<p>\u00ab\u00a0Class\u00e9e patrimoine universel de l\u2019humanit\u00e9, Essaouira vient de rajouter une autre pierre pr\u00e9cieuse \u00e0 son collier. Depuis le 31 octobre dernier, jour d\u2019ouverture de la 16\u00e8 \u00e9dition du Festival des Andalousies Atlantiques, Essaouira fait d\u00e9sormais partie du r\u00e9seau mondial des villes les plus cr\u00e9atives de l\u2019UNESCO, gr\u00e2ce \u00e0 son effervescence musicale\u00a0\u00bb, a affirm\u00e9 \u00e0 la cl\u00f4ture de cette nouvelle \u00e9dition, Mme Kaoutar Chakir Benamara de l\u2019Association Essaouira-Mogador.<\/p>\n<p>\u00ab\u00a0Depuis de longues ann\u00e9es, Essaouira n\u2019a pas accueilli un aussi grand nombre de Juifs, Marocains, fils de la cit\u00e9 mais aussi d\u2019autres r\u00e9gions du Royaume, ainsi que des festivaliers d\u2019autres pays. Les uns ne se sont pas vus depuis leur enfance. Ils retrouvent leurs voisins et amis musulmans\u00a0\u00bb, s\u2019est elle f\u00e9licit\u00e9e, \u00e9mettant le voeu de voir cet esprit d\u2019Essaouira gagner d\u2019autres contr\u00e9es et que \u00ab\u00a0le souffle de Mogador balayera les incompr\u00e9hensions pour c\u00e9l\u00e9brer les identit\u00e9s multiples et les cosmopolitismes r\u00e9ussis\u00a0\u00bb.<\/p>\n<p>A noter que la soir\u00e9e de cl\u00f4ture a \u00e9t\u00e9 rehauss\u00e9e par la pr\u00e9sence notamment du Conseiller de Sa Majest\u00e9 le Roi et pr\u00e9sident fondateur de l\u2019Association Essaouira-Mogador, M. Andr\u00e9 Azoulay, du gouverneur de la province, M. Adil El Maliki ainsi que d\u2019autres personnalit\u00e9s.<\/p>\n<\/div>\n<p>Auteur: Meriem IGASS<br \/>\n<a href=\"http:\/\/www.mapmarrakech.ma\/fr\/essaouira-3\/\">Cliquez ici pour lire l&rsquo;article depuis sa source.<\/a><\/p>\n","protected":false},"excerpt":{"rendered":"<p>Essaouira \u2013 Le Festival des Andalousies Atlantiques d\u2019Essaouira a tenu toutes ses promesses et r\u00e9ussi le pari en r\u00e9unissant le temps d\u2019un concert de cl\u00f4ture, en toute apoth\u00e9ose, plusieurs milliers de festivaliers autour de deux ic\u00f4nes incontournables de la sc\u00e8ne musicale marocaine : Benomar Ziani et Raymonde El Bidaouia. Un concert historique, qui a pu [&hellip;]<\/p>\n","protected":false},"author":1788,"featured_media":0,"comment_status":"closed","ping_status":"closed","sticky":false,"template":"","format":"standard","meta":{"fifu_image_url":"","fifu_image_alt":"","footnotes":""},"categories":[54,76],"tags":[],"class_list":["post-66377","post","type-post","status-publish","format-standard","hentry","category-maroc","category-regions"],"_links":{"self":[{"href":"https:\/\/linitiative.ca\/International\/wp-json\/wp\/v2\/posts\/66377","targetHints":{"allow":["GET"]}}],"collection":[{"href":"https:\/\/linitiative.ca\/International\/wp-json\/wp\/v2\/posts"}],"about":[{"href":"https:\/\/linitiative.ca\/International\/wp-json\/wp\/v2\/types\/post"}],"author":[{"embeddable":true,"href":"https:\/\/linitiative.ca\/International\/wp-json\/wp\/v2\/users\/1788"}],"replies":[{"embeddable":true,"href":"https:\/\/linitiative.ca\/International\/wp-json\/wp\/v2\/comments?post=66377"}],"version-history":[{"count":0,"href":"https:\/\/linitiative.ca\/International\/wp-json\/wp\/v2\/posts\/66377\/revisions"}],"wp:attachment":[{"href":"https:\/\/linitiative.ca\/International\/wp-json\/wp\/v2\/media?parent=66377"}],"wp:term":[{"taxonomy":"category","embeddable":true,"href":"https:\/\/linitiative.ca\/International\/wp-json\/wp\/v2\/categories?post=66377"},{"taxonomy":"post_tag","embeddable":true,"href":"https:\/\/linitiative.ca\/International\/wp-json\/wp\/v2\/tags?post=66377"}],"curies":[{"name":"wp","href":"https:\/\/api.w.org\/{rel}","templated":true}]}}