{"id":66379,"date":"2019-11-03T12:28:43","date_gmt":"2019-11-03T17:28:43","guid":{"rendered":"https:\/\/linitiative.ca\/International\/blida-une-trentaine-de-participants-au-4e-salon-de-lartisanat-et-des-metiers\/"},"modified":"2019-11-03T12:28:43","modified_gmt":"2019-11-03T17:28:43","slug":"blida-une-trentaine-de-participants-au-4e-salon-de-lartisanat-et-des-metiers","status":"publish","type":"post","link":"https:\/\/linitiative.ca\/International\/blida-une-trentaine-de-participants-au-4e-salon-de-lartisanat-et-des-metiers\/","title":{"rendered":"Blida: une trentaine de participants au 4\u00e8 salon de l\u2019artisanat et des m\u00e9tiers"},"content":{"rendered":"<div readability=\"36\">\n<p><strong>BLIDA &#8211; Une trentaine d\u2019artisans ont pris part, dimanche, \u00e0 l\u2019ouverture du 4eme salon de l\u2019artisanat et des m\u00e9tiers de la wilaya de Blida, abrit\u00e9 par la commune d\u2019Ouled Aich.<\/strong><\/p>\n<\/div>\n<div readability=\"159.5\">\n<p>\u00ab\u00a0Cette manifestation est inscrite au titre du programme d\u2019activit\u00e9s de la c\u00e9l\u00e9bration de la Journ\u00e9e nationale de l\u2019artisan(9 novembre)\u00a0\u00bb, a indiqu\u00e9, \u00e0 l\u2019APS, le directeur de la Chambre d\u2019artisanat et des m\u00e9tiers (CAM) de la wilaya, Sa\u00e0di Ait Zarrouk, soulignant la diversit\u00e9 des produits mis en exposition entre habits et bijoux traditionnels, p\u00e2tes traditionnelles, objets d\u00e9coratifs et articles en bois, en cuivre, bougies, savon naturel&#8230;et bien d&rsquo;autres.<\/p>\n<blockquote readability=\"16\">\n<p><em><strong>Il a, \u00e9galement, mis en avant la co\u00efncidence de ce salon, organis\u00e9 en collaboration avec la direction locale du Tourisme et de l\u2019Artisanat jusqu\u2019au 7 du mois courant, avec les festivit\u00e9s de comm\u00e9moration du 65<sup>\u00e8me<\/sup> anniversaire du d\u00e9clenchement de la Guerre de lib\u00e9ration nationale, \u00e0 travers la programmation, au dernier jour de la manifestation, d\u2019une c\u00e9r\u00e9monie en l\u2019honneur d\u2019un nombre de moudjahidines ayant exerc\u00e9 un m\u00e9tier artisanal, \u00e0 l\u2019instar de la confection et r\u00e9paration des armes.<\/strong><\/em><\/p>\n<\/blockquote>\n<p>De nombreux dispositifs publics d\u2019aide \u00e0 l\u2019emploi prennent, \u00e9galement, part \u00e0 cette manifestation, en vue d\u2019informer le public visiteur sur les diff\u00e9rentes opportunit\u00e9s offertes en mati\u00e8re de financement des projets du secteur, a ajout\u00e9 le m\u00eame responsable.<\/p>\n<p>Il a fait part, en outre, d\u2019une session de formation ouverte dans la matin\u00e9e, dans le domaine de l\u2019extraction des essences v\u00e9g\u00e9tales et florales, et la distillation de l\u2019eau de roses.<\/p>\n<p>La session d\u2019une dur\u00e9e de cinq jours, profitera \u00e0 25 participants des wilayas d\u2019Alger, Blida, Biskra, M\u00e9d\u00e9a, Ain Defla, et Djelfa, a fait savoir M. Ait Zarrouk, signalant son encadrement par des experts du domaine, qui pr\u00e9senteront aux b\u00e9n\u00e9ficiaires concern\u00e9s des cours pratiques et th\u00e9oriques sur l\u2019extraction des essences v\u00e9g\u00e9tales et florales, et la distillation de l\u2019eau de roses.<\/p>\n<p>Selon le responsable, le choix du th\u00e8me de cette session de formation, \u00ab\u00a0fort appr\u00e9ci\u00e9 par les artisans, a \u00e9t\u00e9 dict\u00e9 par l\u2019emplacement de la wilaya de Blida dans la plaine de la Mitidja, et sa richesse en diff\u00e9rentes essences v\u00e9g\u00e9tales et florales pr\u00e9sentes notamment dans les monts de Chr\u00e9a et la r\u00e9gion de Hammam Melouane\u00a0\u00bb, a-t-il expliqu\u00e9.<\/p>\n<p>Une autre session de formation aura pour th\u00e8me les m\u00e9thodes de cr\u00e9ation et gestion d\u2019une micro entreprise et l\u2019accompagnement assur\u00e9 par les dispositifs de soutien \u00e0 l\u2019emploi, a-t-il ajout\u00e9, par ailleurs.<\/p>\n<p><strong>\u00a0Le r\u00eave d&rsquo;avoir un local pour vendre ses produits\u00a0<\/strong><\/p>\n<p>De nombreux artisans ayant pris part \u00e0 ce salon n\u2019ont pas manqu\u00e9 d\u2019exprimer, \u00e0 l\u2019APS, leur ambition d\u2019\u00e9largir leurs activit\u00e9s, \u00ab\u00a0\u00e0 travers l\u2019obtention d\u2019un local, outre l\u2019\u00e9coulement de nos produits sur les march\u00e9s\u00a0\u00bb, ont-ils dit \u00ab\u00a0car nos ventes sont g\u00e9n\u00e9ralement saisonni\u00e8res\u00a0\u00bb, ont-ils d\u00e9plor\u00e9.<\/p>\n<p>Ceci est particuli\u00e8rement le cas de Mme. Guouzi Amel (47 ans), une artisane sp\u00e9cialis\u00e9e dans la confection de g\u00e2teaux et p\u00e2tes traditionnels, qui a assur\u00e9 qu\u2019elle exerce ce m\u00e9tier depuis 27 ans, \u00e0 son domicile.<\/p>\n<p>Une situation qui ne lui permet pas d\u2019\u00e9largir ses activit\u00e9s, d\u00e9plore t-elle, car travailler \u00e0 la maison \u00ab\u00a0constitue une entrave pour mon ambition, et une g\u00eane pour ma famille\u00a0\u00bb, affirme cette dame, qui r\u00eave d\u2019obtenir un local.<\/p>\n<p>Elle a, \u00e9galement, d\u00e9plor\u00e9 l\u2019existence d\u2019un autre probl\u00e8me relatif \u00e0 la commercialisation des produits de l\u2019artisanat. \u00ab\u00a0Mon travail est pratiquement li\u00e9 \u00e0 la saison des f\u00eates, et autres occasions festives en tous genres. En dehors de cela, je suis pratiquement au ch\u00f4mage durant les autres jours de l\u2019ann\u00e9e\u00a0\u00bb, a-t-elle soutenu, lan\u00e7ant un appel en direction des autorit\u00e9s locales en vue de l'\u00a0\u00bbaffectation d\u2019espaces commerciaux fixes pour les produits de l\u2019artisanat, tout au long de l\u2019ann\u00e9e\u00a0\u00bb.<\/p>\n<p>Le m\u00eame probl\u00e8me est pos\u00e9 pour Mokrani Aouatif( 24 ans), une autre artisane sp\u00e9cialis\u00e9 dans la confection de bougies, qui s\u2019est \u00e9galement plainte d\u2019exercer son travail \u00ab\u00a0\u00e0 domicile avec une amie\u00a0\u00bb. \u00ab\u00a0Nous vendons nos produits via les r\u00e9seaux sociaux, et ceci requiert un effort consid\u00e9rable de notre part, sans compter le probl\u00e8me de cheminement du produit jusqu\u2019au domicile du client\u00a0\u00bb, a-t-elle racont\u00e9 \u00e0 l\u2019APS, non sans exprimer son ambition d\u2019\u00e9largir son projet et d\u2019avoir un espace, qui lui est propre, pour exposer ses r\u00e9alisations.<\/p>\n<p>D\u2019ou son appel \u00e0 qui de droit, en vue de conf\u00e9rer \u00ab\u00a0davantage d\u2019int\u00e9r\u00eat aux artisans, en leur destinant des locaux pour l\u2019exercice de leurs activit\u00e9s et l\u2019exposition de leurs produits, parall\u00e8lement \u00e0 l\u2019ouverture d\u2019espaces commerciaux \u00e0 leur profit\u00a0\u00bb, a-t-elle r\u00e9clam\u00e9.<\/p>\n<\/div>\n<p>Auteur:<br \/>\n<a href=\"http:\/\/www.aps.dz\/regions\/96842-blida-une-trentaine-de-participants-au-4e-salon-de-l-artisanat-et-des-metiers-de-la-wilaya\">Cliquez ici pour lire l&rsquo;article depuis sa source.<\/a><\/p>\n","protected":false},"excerpt":{"rendered":"<p>BLIDA &#8211; Une trentaine d\u2019artisans ont pris part, dimanche, \u00e0 l\u2019ouverture du 4eme salon de l\u2019artisanat et des m\u00e9tiers de la wilaya de Blida, abrit\u00e9 par la commune d\u2019Ouled Aich. \u00ab\u00a0Cette manifestation est inscrite au titre du programme d\u2019activit\u00e9s de la c\u00e9l\u00e9bration de la Journ\u00e9e nationale de l\u2019artisan(9 novembre)\u00a0\u00bb, a indiqu\u00e9, \u00e0 l\u2019APS, le directeur [&hellip;]<\/p>\n","protected":false},"author":1790,"featured_media":0,"comment_status":"closed","ping_status":"closed","sticky":false,"template":"","format":"standard","meta":{"fifu_image_url":"","fifu_image_alt":"","footnotes":""},"categories":[53,76],"tags":[],"class_list":["post-66379","post","type-post","status-publish","format-standard","hentry","category-algerie","category-regions"],"_links":{"self":[{"href":"https:\/\/linitiative.ca\/International\/wp-json\/wp\/v2\/posts\/66379","targetHints":{"allow":["GET"]}}],"collection":[{"href":"https:\/\/linitiative.ca\/International\/wp-json\/wp\/v2\/posts"}],"about":[{"href":"https:\/\/linitiative.ca\/International\/wp-json\/wp\/v2\/types\/post"}],"author":[{"embeddable":true,"href":"https:\/\/linitiative.ca\/International\/wp-json\/wp\/v2\/users\/1790"}],"replies":[{"embeddable":true,"href":"https:\/\/linitiative.ca\/International\/wp-json\/wp\/v2\/comments?post=66379"}],"version-history":[{"count":0,"href":"https:\/\/linitiative.ca\/International\/wp-json\/wp\/v2\/posts\/66379\/revisions"}],"wp:attachment":[{"href":"https:\/\/linitiative.ca\/International\/wp-json\/wp\/v2\/media?parent=66379"}],"wp:term":[{"taxonomy":"category","embeddable":true,"href":"https:\/\/linitiative.ca\/International\/wp-json\/wp\/v2\/categories?post=66379"},{"taxonomy":"post_tag","embeddable":true,"href":"https:\/\/linitiative.ca\/International\/wp-json\/wp\/v2\/tags?post=66379"}],"curies":[{"name":"wp","href":"https:\/\/api.w.org\/{rel}","templated":true}]}}