{"id":66383,"date":"2019-11-02T19:23:39","date_gmt":"2019-11-02T23:23:39","guid":{"rendered":"https:\/\/linitiative.ca\/International\/ouverture-du-8e-festival-mediterraneen-cinema-et-immigration\/"},"modified":"2019-11-02T19:23:39","modified_gmt":"2019-11-02T23:23:39","slug":"ouverture-du-8e-festival-mediterraneen-cinema-et-immigration","status":"publish","type":"post","link":"https:\/\/linitiative.ca\/International\/ouverture-du-8e-festival-mediterraneen-cinema-et-immigration\/","title":{"rendered":"Ouverture du 8\u00e8 Festival m\u00e9diterran\u00e9en cin\u00e9ma et immigration"},"content":{"rendered":"<p class=\"c1\">La 8\u00e8me \u00e9dition du Festival m\u00e9diterran\u00e9en cin\u00e9ma et immigration s\u2019est ouverte, samedi soir au Grand Th\u00e9\u00e2tre Mohammed VI \u00e0 Oujda, et doit se poursuivre jusqu\u2019au 5 novembre courant.<\/p>\n<p class=\"c1\">Tenue sous le signe \u2019\u2019Le cin\u00e9ma au service des peuples\u2019\u2019, cette \u00e9dition conna\u00eet la participation de 14 films repr\u00e9sentant plusieurs pays de la M\u00e9diterran\u00e9e (Maroc, Alg\u00e9rie, Egypte, France, Italie, Liban, Turquie), en sus de films de r\u00e9alisateurs issus de l\u2019immigration.<\/p>\n<p class=\"c1\">La c\u00e9r\u00e9monie d\u2019ouverture de cette manifestation cin\u00e9matographique, organis\u00e9e par l\u2019Association solidarit\u00e9 pour le d\u00e9veloppement et l\u2019immigration, a \u00e9t\u00e9 marqu\u00e9e par l\u2019hommage rendu au journaliste belaid Bouyoussef et par un spectacle d\u2019art haut en couleur interpr\u00e9t\u00e9 par un groupe compos\u00e9 de jeunes oujdis et de jeunes subsahariens \u00e9tablis dans la r\u00e9gion.<\/p>\n<p class=\"c1\">Le public a \u00e9t\u00e9 au rendez-vous \u00e9galement lors la premi\u00e8re soir\u00e9e avec la projection du court-m\u00e9trage \u2019\u2019Nouh\u2019\u2019 de son r\u00e9alisateur \u00e9gyptien Youssef Aba Nouh. Cette \u0153uvre cin\u00e9matographique de 26 minutes qui a \u00e9t\u00e9 tourn\u00e9e dans quatre pays (Egypte, Tunisie, Moldova et Turquie) focalise sur la question de l\u2019immigration et du voyage.<\/p>\n<p class=\"c1\">Dans une allocution de circonstance, le pr\u00e9sident de l\u2019Association solidarit\u00e9 pour le d\u00e9veloppement et l\u2019immigration, Abdellatif Drifi, a indiqu\u00e9 que ce festival offre l\u2019occasion aux cin\u00e9philes de d\u00e9couvrir des films relatant, de pr\u00e8s ou de loin, les diff\u00e9rentes facettes de l\u2019immigration.<\/p>\n<p class=\"c1\">L\u2019objectif est de contribuer \u00e0 la cons\u00e9cration de la culture du cin\u00e9ma \u00e0 Oujda et de promouvoir la pratique cin\u00e9matographique dans cette r\u00e9gion, a-t-il soulign\u00e9.<\/p>\n<p class=\"c1\">Les organisateurs ambitionnent aussi de f\u00eater le 7\u00e8 art \u00e0 travers cette manifestation culturelle qui, a-t-il dit, favorise les rencontres, l\u2019\u00e9change et le d\u00e9bat.<\/p>\n<p><img class=\"wp-image-15437 aligncenter\" data-src=\"http:\/\/www.mapoujda.ma\/map\/uploads\/2019\/11\/hommage-rendu-au-journaliste-belaid-Bouyoussef-M750\u00d7430-MAP.jpg\" alt=\"\" width=\"576\" height=\"330\" srcset=\"http:\/\/www.mapoujda.ma\/map\/uploads\/2019\/11\/hommage-rendu-au-journaliste-belaid-Bouyoussef-M750\u00d7430-MAP.jpg 750w, http:\/\/www.mapoujda.ma\/map\/uploads\/2019\/11\/hommage-rendu-au-journaliste-belaid-Bouyoussef-M750\u00d7430-MAP-300x172.jpg 300w\" sizes=\"(max-width: 576px) 100vw, 576px\"\/><\/p>\n<p class=\"c3\"><span class=\"c2\">L\u2019hommage rendu au journaliste Belaid Bouyoussef<\/span><\/p>\n<p class=\"c1\">De son c\u00f4t\u00e9, le directeur artistique du festival, Abdellatif Nassib El Mesnaoui a indiqu\u00e9 que le programme de cette \u00e9dition est riche et vari\u00e9 et que le choix des films retenus a \u00e9t\u00e9 fait sur la base de certains crit\u00e8res, dont la qualit\u00e9 et le th\u00e8me abord\u00e9, faisant savoir que cette ann\u00e9e, et pour la premi\u00e8re fois, les courts-m\u00e9trages sont aussi en comp\u00e9tition, de m\u00eame que des films pour enfants sont au menu.<\/p>\n<p class=\"c1\">Les longs m\u00e9trages programm\u00e9s sont \u2018\u2019Paris la blanche\u2019\u2019 de Lidia Leber Terki, \u2019\u2019Moussafir, Halab-Istanbul\u2019\u2019 d\u2019Anda\u00e7 Haznedaroglu, \u2018\u2019Rafael\u2019\u2019 de Ben Sombograart, \u2018\u2019Ana\u00e2q\u2019\u2019 de Mohamed Bouzia Kacem Achahboun, \u2018\u2019Cambodia\u2019\u2019 de Taha Ibn Slimane, et \u2018\u2019Toren\u2019\u2019 Nawzad Chakhani.<\/p>\n<p class=\"c1\">Ces six longs-m\u00e9trages, repr\u00e9sentant des pays du pourtour m\u00e9diterran\u00e9en, sont en comp\u00e9tition officielle pour remporter l\u2019un des prix de cette manifestation cin\u00e9matographique, \u00e0 savoir le Grand Prix du festival, le prix du jury, le prix du meilleur sc\u00e9nario et les prix des meilleurs r\u00f4les f\u00e9minin et masculin.<\/p>\n<p class=\"c1\">Dans la cat\u00e9gorie des courts m\u00e9trages marocains, les films en lice sont \u2018\u2019Aatash \u2013Thirst-\u2018\u2019 de Rachid Bentaleb, \u2018\u2019Ashalaa\u2019\u2019 d\u2019Ahmed Anwar, \u2018\u2019Nour\u2019\u2019 de Hassan El Moussaoui, \u2018\u2019Nouh\u2019\u2019 de Youssef Aba Nouh, \u2018\u2019Detained\u2019\u2019 de Hajar Alnaim, \u2018\u2019Harraga de Barb\u00e8s Paris\u2019\u2019 de Mohamed Jebelhabibi, \u2018\u2019Dhal Lhitt\u2019\u2019 d\u2019Abdelhafid Aissaoui et \u2018\u2019Assia\u2019\u2019 de Malika Zairi.<\/p>\n<p class=\"c1\">Le jury de cette \u00e9dition est pr\u00e9sid\u00e9 par le r\u00e9alisateur, sc\u00e9nariste et producteur fran\u00e7ais Emanuel Sanchez.<\/p>\n<p class=\"c1\">Outre la projection de films, le programme de la 8\u00e8me \u00e9dition pr\u00e9voit des hommages lors de la c\u00e9r\u00e9monie de cl\u00f4ture, une table ronde sur \u00abla migration et les d\u00e9fis de l\u2019int\u00e9gration \u00e0 l\u2019\u00e8re de la mondialisation\u00bb, et des ateliers d\u00e9di\u00e9s aux jeunes ax\u00e9s sur certains m\u00e9tiers et techniques du 7\u00e8me art, tels que l\u2019\u00e9criture du sc\u00e9nario, le maquillage et les effets sp\u00e9ciaux.<\/p>\n<p>Auteur: Soufiane ELAHMAR<br \/>\n<a href=\"http:\/\/www.mapoujda.ma\/fr\/ouverture-du-8e-festival-mediterraneen-cinema-et-immigration\/\">Cliquez ici pour lire l&rsquo;article depuis sa source.<\/a><\/p>\n","protected":false},"excerpt":{"rendered":"<p>La 8\u00e8me \u00e9dition du Festival m\u00e9diterran\u00e9en cin\u00e9ma et immigration s\u2019est ouverte, samedi soir au Grand Th\u00e9\u00e2tre Mohammed VI \u00e0 Oujda, et doit se poursuivre jusqu\u2019au 5 novembre courant. Tenue sous le signe \u2019\u2019Le cin\u00e9ma au service des peuples\u2019\u2019, cette \u00e9dition conna\u00eet la participation de 14 films repr\u00e9sentant plusieurs pays de la M\u00e9diterran\u00e9e (Maroc, Alg\u00e9rie, Egypte, [&hellip;]<\/p>\n","protected":false},"author":1788,"featured_media":66384,"comment_status":"closed","ping_status":"closed","sticky":false,"template":"","format":"standard","meta":{"fifu_image_url":"","fifu_image_alt":"","footnotes":""},"categories":[54,76],"tags":[],"class_list":["post-66383","post","type-post","status-publish","format-standard","has-post-thumbnail","hentry","category-maroc","category-regions"],"_links":{"self":[{"href":"https:\/\/linitiative.ca\/International\/wp-json\/wp\/v2\/posts\/66383","targetHints":{"allow":["GET"]}}],"collection":[{"href":"https:\/\/linitiative.ca\/International\/wp-json\/wp\/v2\/posts"}],"about":[{"href":"https:\/\/linitiative.ca\/International\/wp-json\/wp\/v2\/types\/post"}],"author":[{"embeddable":true,"href":"https:\/\/linitiative.ca\/International\/wp-json\/wp\/v2\/users\/1788"}],"replies":[{"embeddable":true,"href":"https:\/\/linitiative.ca\/International\/wp-json\/wp\/v2\/comments?post=66383"}],"version-history":[{"count":0,"href":"https:\/\/linitiative.ca\/International\/wp-json\/wp\/v2\/posts\/66383\/revisions"}],"wp:featuredmedia":[{"embeddable":true,"href":"https:\/\/linitiative.ca\/International\/wp-json\/"}],"wp:attachment":[{"href":"https:\/\/linitiative.ca\/International\/wp-json\/wp\/v2\/media?parent=66383"}],"wp:term":[{"taxonomy":"category","embeddable":true,"href":"https:\/\/linitiative.ca\/International\/wp-json\/wp\/v2\/categories?post=66383"},{"taxonomy":"post_tag","embeddable":true,"href":"https:\/\/linitiative.ca\/International\/wp-json\/wp\/v2\/tags?post=66383"}],"curies":[{"name":"wp","href":"https:\/\/api.w.org\/{rel}","templated":true}]}}