{"id":66385,"date":"2019-11-03T15:13:57","date_gmt":"2019-11-03T20:13:57","guid":{"rendered":"https:\/\/linitiative.ca\/International\/pros-ogc-nice-bonne-nouvelle-pour-ounas\/"},"modified":"2019-11-03T15:13:57","modified_gmt":"2019-11-03T20:13:57","slug":"pros-ogc-nice-bonne-nouvelle-pour-ounas","status":"publish","type":"post","link":"https:\/\/linitiative.ca\/International\/pros-ogc-nice-bonne-nouvelle-pour-ounas\/","title":{"rendered":"Pros : OGC Nice: Bonne nouvelle pour Ounas"},"content":{"rendered":"<div readability=\"32\">\n<p>Auteur : <span class=\"time\">dimanche 03 novembre 2019 19:23<\/span><\/p>\n<\/div>\n<div id=\"post_core\" readability=\"38\">\n<p>Annonc\u00e9 absent pour de plusieurs semaines, Adam Ounas pourrait finalement faire son retour \u00e0 la comp\u00e9tition contre Bordeaux. C\u2019est Patrick Vieira, en conf\u00e9rence de presse, qui l\u2019a annonc\u00e9. \u00ab Il devrait reprendre avec le groupe mardi. Il sera peut \u00eatre apte \u00e0 jouer contre Bordeaux (match pr\u00e9vu le vendredi 8 novembre).\u00bb<\/p>\n<p><strong>Publi\u00e9 dans :<\/strong> <span>Ounas<\/span><\/p>\n<\/div>\n<p>Auteur:<br \/>\n<a href=\"http:\/\/www.lebuteur.com\/article\/detail?titre=ogc-nice-bonne-nouvelle-pour-ounas&#038;id=92713&#038;utm_source=feedburner&#038;utm_medium=feed&#038;utm_campaign=Feed%3A+GalerieFArtciles+%28Les+derniers+articles++-+lebuteur.com%29\">Cliquez ici pour lire l&rsquo;article depuis sa source.<\/a><\/p>\n","protected":false},"excerpt":{"rendered":"<p>Auteur : dimanche 03 novembre 2019 19:23 Annonc\u00e9 absent pour de plusieurs semaines, Adam Ounas pourrait finalement faire son retour \u00e0 la comp\u00e9tition contre Bordeaux. C\u2019est Patrick Vieira, en conf\u00e9rence de presse, qui l\u2019a annonc\u00e9. \u00ab Il devrait reprendre avec le groupe mardi. Il sera peut \u00eatre apte \u00e0 jouer contre Bordeaux (match pr\u00e9vu le [&hellip;]<\/p>\n","protected":false},"author":1738,"featured_media":66386,"comment_status":"closed","ping_status":"closed","sticky":false,"template":"","format":"standard","meta":{"fifu_image_url":"","fifu_image_alt":"","footnotes":""},"categories":[53,75],"tags":[],"class_list":["post-66385","post","type-post","status-publish","format-standard","has-post-thumbnail","hentry","category-algerie","category-sport"],"_links":{"self":[{"href":"https:\/\/linitiative.ca\/International\/wp-json\/wp\/v2\/posts\/66385","targetHints":{"allow":["GET"]}}],"collection":[{"href":"https:\/\/linitiative.ca\/International\/wp-json\/wp\/v2\/posts"}],"about":[{"href":"https:\/\/linitiative.ca\/International\/wp-json\/wp\/v2\/types\/post"}],"author":[{"embeddable":true,"href":"https:\/\/linitiative.ca\/International\/wp-json\/wp\/v2\/users\/1738"}],"replies":[{"embeddable":true,"href":"https:\/\/linitiative.ca\/International\/wp-json\/wp\/v2\/comments?post=66385"}],"version-history":[{"count":0,"href":"https:\/\/linitiative.ca\/International\/wp-json\/wp\/v2\/posts\/66385\/revisions"}],"wp:featuredmedia":[{"embeddable":true,"href":"https:\/\/linitiative.ca\/International\/wp-json\/"}],"wp:attachment":[{"href":"https:\/\/linitiative.ca\/International\/wp-json\/wp\/v2\/media?parent=66385"}],"wp:term":[{"taxonomy":"category","embeddable":true,"href":"https:\/\/linitiative.ca\/International\/wp-json\/wp\/v2\/categories?post=66385"},{"taxonomy":"post_tag","embeddable":true,"href":"https:\/\/linitiative.ca\/International\/wp-json\/wp\/v2\/tags?post=66385"}],"curies":[{"name":"wp","href":"https:\/\/api.w.org\/{rel}","templated":true}]}}