{"id":66389,"date":"2019-11-03T15:14:00","date_gmt":"2019-11-03T20:14:00","guid":{"rendered":"https:\/\/linitiative.ca\/International\/pros-ligue-1-france-enfin-une-victoire-pour-nice-et-atal\/"},"modified":"2019-11-03T15:14:00","modified_gmt":"2019-11-03T20:14:00","slug":"pros-ligue-1-france-enfin-une-victoire-pour-nice-et-atal","status":"publish","type":"post","link":"https:\/\/linitiative.ca\/International\/pros-ligue-1-france-enfin-une-victoire-pour-nice-et-atal\/","title":{"rendered":"Pros : Ligue 1 (France) : Enfin une victoire pour Nice et Atal"},"content":{"rendered":"<div readability=\"32\">\n<p>Auteur : <span class=\"time\">dimanche 03 novembre 2019 20:03<\/span><\/p>\n<\/div>\n<div id=\"post_core\" readability=\"42\">\n<p>Pour grimper \u00e0 la deuxi\u00e8me place du classement de la Ligue 1, les R\u00e9mois auraient d\u00fb l\u2019emporter \u00e0 Nice ce dimanche. Avec un nul, ils auraient assur\u00e9 leur place sur le podium. Sauf qu\u2019ils ont finalement connu la d\u00e9faite (2-0) \u00e0 l\u2019Allianz Riviera. Wylan Cyprien et Christophe Herelle pour les buteurs ni\u00e7ois, Moussa Doumbia ayant \u00e9cop\u00e9 d\u2019un rouge \u00e0 0-0 c\u00f4t\u00e9 r\u00e9mois comme l&rsquo;indique Sport24. Au classement, Reims glisse \u00e0 la septi\u00e8me position, tandis que Nice remonte au douzi\u00e8me rang. A suivre, l\u2019affiche de cl\u00f4ture de cette 12e journ\u00e9e, Saint-Etienne contre Monaco (21h).<\/p>\n<p><strong>Publi\u00e9 dans :<\/strong> <span>Nice<\/span><\/p>\n<\/div>\n<p>Auteur:<br \/>\n<a href=\"http:\/\/www.lebuteur.com\/article\/detail?titre=ligue-1-france-enfin-une-victoire-pour-nice-et-atal&#038;id=92715&#038;utm_source=feedburner&#038;utm_medium=feed&#038;utm_campaign=Feed%3A+GalerieFArtciles+%28Les+derniers+articles++-+lebuteur.com%29\">Cliquez ici pour lire l&rsquo;article depuis sa source.<\/a><\/p>\n","protected":false},"excerpt":{"rendered":"<p>Auteur : dimanche 03 novembre 2019 20:03 Pour grimper \u00e0 la deuxi\u00e8me place du classement de la Ligue 1, les R\u00e9mois auraient d\u00fb l\u2019emporter \u00e0 Nice ce dimanche. Avec un nul, ils auraient assur\u00e9 leur place sur le podium. Sauf qu\u2019ils ont finalement connu la d\u00e9faite (2-0) \u00e0 l\u2019Allianz Riviera. Wylan Cyprien et Christophe Herelle [&hellip;]<\/p>\n","protected":false},"author":1738,"featured_media":66390,"comment_status":"closed","ping_status":"closed","sticky":false,"template":"","format":"standard","meta":{"fifu_image_url":"","fifu_image_alt":"","footnotes":""},"categories":[53,75],"tags":[],"class_list":["post-66389","post","type-post","status-publish","format-standard","has-post-thumbnail","hentry","category-algerie","category-sport"],"_links":{"self":[{"href":"https:\/\/linitiative.ca\/International\/wp-json\/wp\/v2\/posts\/66389","targetHints":{"allow":["GET"]}}],"collection":[{"href":"https:\/\/linitiative.ca\/International\/wp-json\/wp\/v2\/posts"}],"about":[{"href":"https:\/\/linitiative.ca\/International\/wp-json\/wp\/v2\/types\/post"}],"author":[{"embeddable":true,"href":"https:\/\/linitiative.ca\/International\/wp-json\/wp\/v2\/users\/1738"}],"replies":[{"embeddable":true,"href":"https:\/\/linitiative.ca\/International\/wp-json\/wp\/v2\/comments?post=66389"}],"version-history":[{"count":0,"href":"https:\/\/linitiative.ca\/International\/wp-json\/wp\/v2\/posts\/66389\/revisions"}],"wp:featuredmedia":[{"embeddable":true,"href":"https:\/\/linitiative.ca\/International\/wp-json\/"}],"wp:attachment":[{"href":"https:\/\/linitiative.ca\/International\/wp-json\/wp\/v2\/media?parent=66389"}],"wp:term":[{"taxonomy":"category","embeddable":true,"href":"https:\/\/linitiative.ca\/International\/wp-json\/wp\/v2\/categories?post=66389"},{"taxonomy":"post_tag","embeddable":true,"href":"https:\/\/linitiative.ca\/International\/wp-json\/wp\/v2\/tags?post=66389"}],"curies":[{"name":"wp","href":"https:\/\/api.w.org\/{rel}","templated":true}]}}