{"id":66391,"date":"2019-11-03T15:14:02","date_gmt":"2019-11-03T20:14:02","guid":{"rendered":"https:\/\/linitiative.ca\/International\/pros-nice-atal-decu-de-la-reaction-des-supporters\/"},"modified":"2019-11-03T15:14:02","modified_gmt":"2019-11-03T20:14:02","slug":"pros-nice-atal-decu-de-la-reaction-des-supporters","status":"publish","type":"post","link":"https:\/\/linitiative.ca\/International\/pros-nice-atal-decu-de-la-reaction-des-supporters\/","title":{"rendered":"Pros : Nice : Atal d\u00e9\u00e7u de la r\u00e9action des supporters"},"content":{"rendered":"<div readability=\"32\">\n<p>Auteur : <span class=\"time\">dimanche 03 novembre 2019 20:15<\/span><\/p>\n<\/div>\n<div id=\"post_core\" readability=\"47\">\n<p>Les supporters ni\u00e7ois attendant visiblement plus de buts de la part de leur \u00e9quipe. Pour le lat\u00e9ral droit Youcef Atal (23 ans), c&rsquo;est une petite d\u00e9ception\u00a0 :<\/p>\n<p>\u00ab\u00a0Il ne faut pas penser comme \u00e7a, car \u00e7a fait longtemps qu&rsquo;on n&rsquo;avait pas gagn\u00e9. Aujourd&rsquo;hui, on a un peu de pression. Le plus important, c&rsquo;est de gagner. Normalement, ils devraient \u00eatre satisfaits de ce match, car on a fait un gros match aujourd&rsquo;hui. En plus, on a gagn\u00e9 2-0, sans encaisser de but\u00a0\u00bb, a d\u00e9clar\u00e9 l&rsquo;international alg\u00e9rien au micro de beIN Sports et comme le rapporte Maxifoot.<\/p>\n<p><strong>Publi\u00e9 dans :<\/strong> <span>Nice<\/span><\/p>\n<\/div>\n<p>Auteur:<br \/>\n<a href=\"http:\/\/www.lebuteur.com\/article\/detail?titre=nice-atal-decu-de-la-reaction-des-supporters&#038;id=92716&#038;utm_source=feedburner&#038;utm_medium=feed&#038;utm_campaign=Feed%3A+GalerieFArtciles+%28Les+derniers+articles++-+lebuteur.com%29\">Cliquez ici pour lire l&rsquo;article depuis sa source.<\/a><\/p>\n","protected":false},"excerpt":{"rendered":"<p>Auteur : dimanche 03 novembre 2019 20:15 Les supporters ni\u00e7ois attendant visiblement plus de buts de la part de leur \u00e9quipe. Pour le lat\u00e9ral droit Youcef Atal (23 ans), c&rsquo;est une petite d\u00e9ception\u00a0 : \u00ab\u00a0Il ne faut pas penser comme \u00e7a, car \u00e7a fait longtemps qu&rsquo;on n&rsquo;avait pas gagn\u00e9. Aujourd&rsquo;hui, on a un peu de [&hellip;]<\/p>\n","protected":false},"author":1738,"featured_media":66392,"comment_status":"closed","ping_status":"closed","sticky":false,"template":"","format":"standard","meta":{"fifu_image_url":"","fifu_image_alt":"","footnotes":""},"categories":[53,75],"tags":[],"class_list":["post-66391","post","type-post","status-publish","format-standard","has-post-thumbnail","hentry","category-algerie","category-sport"],"_links":{"self":[{"href":"https:\/\/linitiative.ca\/International\/wp-json\/wp\/v2\/posts\/66391","targetHints":{"allow":["GET"]}}],"collection":[{"href":"https:\/\/linitiative.ca\/International\/wp-json\/wp\/v2\/posts"}],"about":[{"href":"https:\/\/linitiative.ca\/International\/wp-json\/wp\/v2\/types\/post"}],"author":[{"embeddable":true,"href":"https:\/\/linitiative.ca\/International\/wp-json\/wp\/v2\/users\/1738"}],"replies":[{"embeddable":true,"href":"https:\/\/linitiative.ca\/International\/wp-json\/wp\/v2\/comments?post=66391"}],"version-history":[{"count":0,"href":"https:\/\/linitiative.ca\/International\/wp-json\/wp\/v2\/posts\/66391\/revisions"}],"wp:featuredmedia":[{"embeddable":true,"href":"https:\/\/linitiative.ca\/International\/wp-json\/"}],"wp:attachment":[{"href":"https:\/\/linitiative.ca\/International\/wp-json\/wp\/v2\/media?parent=66391"}],"wp:term":[{"taxonomy":"category","embeddable":true,"href":"https:\/\/linitiative.ca\/International\/wp-json\/wp\/v2\/categories?post=66391"},{"taxonomy":"post_tag","embeddable":true,"href":"https:\/\/linitiative.ca\/International\/wp-json\/wp\/v2\/tags?post=66391"}],"curies":[{"name":"wp","href":"https:\/\/api.w.org\/{rel}","templated":true}]}}