{"id":66393,"date":"2019-11-03T15:14:04","date_gmt":"2019-11-03T20:14:04","guid":{"rendered":"https:\/\/linitiative.ca\/International\/pros-serie-a-partage-des-points-pour-la-premiere-titularisation-de-ghezzal-avec-la-fiorentina\/"},"modified":"2019-11-03T15:14:04","modified_gmt":"2019-11-03T20:14:04","slug":"pros-serie-a-partage-des-points-pour-la-premiere-titularisation-de-ghezzal-avec-la-fiorentina","status":"publish","type":"post","link":"https:\/\/linitiative.ca\/International\/pros-serie-a-partage-des-points-pour-la-premiere-titularisation-de-ghezzal-avec-la-fiorentina\/","title":{"rendered":"Pros : Serie A : Partage des points pour la premi\u00e8re titularisation de Ghezzal avec la Fiorentina"},"content":{"rendered":"<div readability=\"32\">\n<p>Auteur : <span class=\"time\">dimanche 03 novembre 2019 20:36<\/span><\/p>\n<\/div>\n<div id=\"post_core\" readability=\"42\">\n<p>Troisi\u00e8me match sans victoire sur les quatre derniers en Serie A pour la Fiorentina. Sans Franck Rib\u00e9ry, suspendu, la Viola a \u00e9t\u00e9 tenue en \u00e9chec par Parme (1-1).<br \/>Emmen\u00e9e par Kevin-Prince Boateng et Rachid Ghezzal, la Fiorentina s&rsquo;est fait surprendre en fin de premi\u00e8re p\u00e9riode, sur un long ballon en profondeur pour Gervinho comme l&rsquo;indiqque France football. L&rsquo;ancien de la Roma n&rsquo;a pas laiss\u00e9 passer l&rsquo;occasion et a ouvert le score (1-0, 40e). Castrovilli a \u00e9galis\u00e9 d&rsquo;une t\u00eate rageuse apr\u00e8s un centre de Dalbert (1-1, 67e).<br \/>La Fiorentina est 8e de Serie A, \u00e0 deux points des places europ\u00e9ennes. Parme est 10e.<br \/>\u00a0<\/p>\n<p><strong>Publi\u00e9 dans :<\/strong> <span>ghezzal<\/span><\/p>\n<\/div>\n<p>Auteur:<br \/>\n<a href=\"http:\/\/www.lebuteur.com\/article\/detail?titre=serie-a-partage-des-points-pour-la-premiere-titularisation-de-ghezzal-avec-la-fiorentina&#038;id=92717&#038;utm_source=feedburner&#038;utm_medium=feed&#038;utm_campaign=Feed%3A+GalerieFArtciles+%28Les+derniers+articles++-+lebuteur.com%29\">Cliquez ici pour lire l&rsquo;article depuis sa source.<\/a><\/p>\n","protected":false},"excerpt":{"rendered":"<p>Auteur : dimanche 03 novembre 2019 20:36 Troisi\u00e8me match sans victoire sur les quatre derniers en Serie A pour la Fiorentina. Sans Franck Rib\u00e9ry, suspendu, la Viola a \u00e9t\u00e9 tenue en \u00e9chec par Parme (1-1).Emmen\u00e9e par Kevin-Prince Boateng et Rachid Ghezzal, la Fiorentina s&rsquo;est fait surprendre en fin de premi\u00e8re p\u00e9riode, sur un long ballon [&hellip;]<\/p>\n","protected":false},"author":1738,"featured_media":66394,"comment_status":"closed","ping_status":"closed","sticky":false,"template":"","format":"standard","meta":{"fifu_image_url":"","fifu_image_alt":"","footnotes":""},"categories":[53,75],"tags":[],"class_list":["post-66393","post","type-post","status-publish","format-standard","has-post-thumbnail","hentry","category-algerie","category-sport"],"_links":{"self":[{"href":"https:\/\/linitiative.ca\/International\/wp-json\/wp\/v2\/posts\/66393","targetHints":{"allow":["GET"]}}],"collection":[{"href":"https:\/\/linitiative.ca\/International\/wp-json\/wp\/v2\/posts"}],"about":[{"href":"https:\/\/linitiative.ca\/International\/wp-json\/wp\/v2\/types\/post"}],"author":[{"embeddable":true,"href":"https:\/\/linitiative.ca\/International\/wp-json\/wp\/v2\/users\/1738"}],"replies":[{"embeddable":true,"href":"https:\/\/linitiative.ca\/International\/wp-json\/wp\/v2\/comments?post=66393"}],"version-history":[{"count":0,"href":"https:\/\/linitiative.ca\/International\/wp-json\/wp\/v2\/posts\/66393\/revisions"}],"wp:featuredmedia":[{"embeddable":true,"href":"https:\/\/linitiative.ca\/International\/wp-json\/"}],"wp:attachment":[{"href":"https:\/\/linitiative.ca\/International\/wp-json\/wp\/v2\/media?parent=66393"}],"wp:term":[{"taxonomy":"category","embeddable":true,"href":"https:\/\/linitiative.ca\/International\/wp-json\/wp\/v2\/categories?post=66393"},{"taxonomy":"post_tag","embeddable":true,"href":"https:\/\/linitiative.ca\/International\/wp-json\/wp\/v2\/tags?post=66393"}],"curies":[{"name":"wp","href":"https:\/\/api.w.org\/{rel}","templated":true}]}}