{"id":66395,"date":"2019-11-03T15:19:10","date_gmt":"2019-11-03T20:19:10","guid":{"rendered":"https:\/\/linitiative.ca\/International\/bio-express-m-azzedine-mihoubi-parcours-dun-intellectuel-en-politique\/"},"modified":"2019-11-03T15:19:10","modified_gmt":"2019-11-03T20:19:10","slug":"bio-express-m-azzedine-mihoubi-parcours-dun-intellectuel-en-politique","status":"publish","type":"post","link":"https:\/\/linitiative.ca\/International\/bio-express-m-azzedine-mihoubi-parcours-dun-intellectuel-en-politique\/","title":{"rendered":"BIO-EXPRESS, M. Azzedine Mihoubi  : parcours d\u2019un intellectuel  en politique"},"content":{"rendered":"<p>Le secr\u00e9taire g\u00e9n\u00e9ral par int\u00e9rim du Rassemblement national d\u00e9mocratique (RND), Azzedine Mihoubi, participera pour la premi\u00e8re fois \u00e0 une \u00e9lection pr\u00e9sidentielle, apr\u00e8s la validation de son dossier de candidature pour le scrutin du 12 d\u00e9cembre prochain par l&rsquo;Autorit\u00e9 nationale ind\u00e9pendante des \u00e9lections (ANIE). N\u00e9 le 1er janvier 1959 \u00e0 A\u00efn Khadra, dans la wilaya de M&rsquo;Sila, M. Mihoubi est journaliste, po\u00e8te, romancier et homme politique.<br \/>Il a occup\u00e9, notamment, le poste de ministre de la Culture de 2015 \u00e0 2019. En 1979, il interrompt une licence en litt\u00e9rature et arts plastiques, avant de rejoindre l&rsquo;Ecole nationale d&rsquo;administration (ENA), o\u00f9 il a eu son dipl\u00f4me en 1984 dans la section administration g\u00e9n\u00e9rale. M. Mihoubi a entam\u00e9 sa carri\u00e8re comme journaliste en 1986. Il est nomm\u00e9 notamment directeur g\u00e9n\u00e9ral de la radio nationale (2006-2008) et directeur de la Biblioth\u00e8que nationale (2010-2013). Il a occup\u00e9 \u00e9galement les postes de pr\u00e9sident de l&rsquo;Union des \u00e9crivains alg\u00e9riens et de l&rsquo;Union g\u00e9n\u00e9rale des hommes de lettres arabes (2003-2006). M. Mihoubi a \u00e9t\u00e9 membre de l&rsquo;Assembl\u00e9e populaire nationale (APN) de 1997 \u00e0 2002, avant d&rsquo;\u00eatre nomm\u00e9 en 2008 au poste de secr\u00e9taire d&rsquo;Etat charg\u00e9 de la Communication.<br \/>En juillet 2019, lors d&rsquo;une session extraordinaire du Conseil national du RND, il est nomm\u00e9 secr\u00e9taire g\u00e9n\u00e9ral par int\u00e9rim du parti. Apr\u00e8s la validation de sa candidature par l&rsquo;ANIE, Azzedine Mihoubi a exprim\u00e9 son engagement \u00e0 veiller \u00e0 \u00abd\u00e9fendre les valeurs alg\u00e9riennes\u00bb dans son programme \u00e9lectoral qu&rsquo;il a qualifi\u00e9 de \u00abr\u00e9aliste\u00bb.<br \/>\u00a0<\/p>\n<p>Auteur: elmoudjahid<br \/>\n<a href=\"http:\/\/www.elmoudjahid.com\/fr\/actualites\/143992\">Cliquez ici pour lire l&rsquo;article depuis sa source.<\/a><\/p>\n","protected":false},"excerpt":{"rendered":"<p>Le secr\u00e9taire g\u00e9n\u00e9ral par int\u00e9rim du Rassemblement national d\u00e9mocratique (RND), Azzedine Mihoubi, participera pour la premi\u00e8re fois \u00e0 une \u00e9lection pr\u00e9sidentielle, apr\u00e8s la validation de son dossier de candidature pour le scrutin du 12 d\u00e9cembre prochain par l&rsquo;Autorit\u00e9 nationale ind\u00e9pendante des \u00e9lections (ANIE). N\u00e9 le 1er janvier 1959 \u00e0 A\u00efn Khadra, dans la wilaya de [&hellip;]<\/p>\n","protected":false},"author":1744,"featured_media":0,"comment_status":"closed","ping_status":"closed","sticky":false,"template":"","format":"standard","meta":{"fifu_image_url":"","fifu_image_alt":"","footnotes":""},"categories":[73,53],"tags":[],"class_list":["post-66395","post","type-post","status-publish","format-standard","hentry","category-actualite","category-algerie"],"_links":{"self":[{"href":"https:\/\/linitiative.ca\/International\/wp-json\/wp\/v2\/posts\/66395","targetHints":{"allow":["GET"]}}],"collection":[{"href":"https:\/\/linitiative.ca\/International\/wp-json\/wp\/v2\/posts"}],"about":[{"href":"https:\/\/linitiative.ca\/International\/wp-json\/wp\/v2\/types\/post"}],"author":[{"embeddable":true,"href":"https:\/\/linitiative.ca\/International\/wp-json\/wp\/v2\/users\/1744"}],"replies":[{"embeddable":true,"href":"https:\/\/linitiative.ca\/International\/wp-json\/wp\/v2\/comments?post=66395"}],"version-history":[{"count":0,"href":"https:\/\/linitiative.ca\/International\/wp-json\/wp\/v2\/posts\/66395\/revisions"}],"wp:attachment":[{"href":"https:\/\/linitiative.ca\/International\/wp-json\/wp\/v2\/media?parent=66395"}],"wp:term":[{"taxonomy":"category","embeddable":true,"href":"https:\/\/linitiative.ca\/International\/wp-json\/wp\/v2\/categories?post=66395"},{"taxonomy":"post_tag","embeddable":true,"href":"https:\/\/linitiative.ca\/International\/wp-json\/wp\/v2\/tags?post=66395"}],"curies":[{"name":"wp","href":"https:\/\/api.w.org\/{rel}","templated":true}]}}