{"id":66396,"date":"2019-11-03T15:19:12","date_gmt":"2019-11-03T20:19:12","guid":{"rendered":"https:\/\/linitiative.ca\/International\/le-president-de-lanie-mohamed-charfi-une-charte-dethique-des-pratiques-electorales-signee-par-lanie-les-candidats-et-la-presse-avant-le-debut-de-la-campagne-electorale\/"},"modified":"2019-11-03T15:19:12","modified_gmt":"2019-11-03T20:19:12","slug":"le-president-de-lanie-mohamed-charfi-une-charte-dethique-des-pratiques-electorales-signee-par-lanie-les-candidats-et-la-presse-avant-le-debut-de-la-campagne-electorale","status":"publish","type":"post","link":"https:\/\/linitiative.ca\/International\/le-president-de-lanie-mohamed-charfi-une-charte-dethique-des-pratiques-electorales-signee-par-lanie-les-candidats-et-la-presse-avant-le-debut-de-la-campagne-electorale\/","title":{"rendered":"Le pr\u00e9sident de l&rsquo;ANIE, Mohamed Charfi : \u00ab Une charte d&rsquo;\u00e9thique des pratiques \u00e9lectorales sign\u00e9e par l&rsquo;ANIE, les candidats et la presse avant le d\u00e9but de la campagne \u00e9lectorale. \u00bb"},"content":{"rendered":"<p><strong>Le pr\u00e9sident de l\u2019Autorit\u00e9 nationale ind\u00e9pendante des \u00e9lections (ANIE) a annonc\u00e9 l&rsquo;\u00e9laboration d&rsquo;une charte d&rsquo;\u00e9thique des pratiques \u00e9lectorales, qui sera sign\u00e9e \u00e0 la fois par l&rsquo;ANIE, les candidats et la presse, avant le d\u00e9but de la campagne \u00e9lectorale.<\/strong><\/p>\n<p>L\u2019autre annonce importante r\u00e9v\u00e9l\u00e9e, \u00e0 la faveur de la conf\u00e9rence de presse, qui a \u00e9t\u00e9 anim\u00e9e samedi apr\u00e8s-midi, au si\u00e8ge de l\u2019Anie, au Palais des nations de Club-des-Pins (Alger), concerne le fichier \u00e9lectoral national. Et l\u00e0, visiblement, l\u2019on s\u2019attend \u00e0 une bonne nouvelle puisque Mohamed Charfi a d\u00e9clar\u00e9 que \u00ab ce qui \u00e9tait consid\u00e9r\u00e9 auparavant comme impossible est devenu aujourd&rsquo;hui une r\u00e9alit\u00e9 et un acquis pour l&rsquo;Alg\u00e9rie\u00bb. Le pr\u00e9sident de l\u2019ANIE n\u2019en dira pas davantage, laissant, ainsi, les journalistes toujours sur leur faim. Cependant, il promet la pr\u00e9sentation, au courant de la semaine prochaine, d&rsquo;un expos\u00e9 \u00ab d\u00e9taill\u00e9 \u00bb sur le fichier \u00e9lectoral national.<br \/>Il faut dire \u00e9galement que lors de cette conf\u00e9rence de presse consacr\u00e9e \u00e0 l&rsquo;annonce de la liste des candidats \u00e0 la prochaine pr\u00e9sidentielle du 12 d\u00e9cembre, le pr\u00e9sident de l\u2019ANIE a mis l\u2019accent sur l\u2019engagement pris par son instance aux fins de garantir une \u00e9lection \u00abr\u00e9guli\u00e8re\u00bb et \u00abd\u00e9mocratique\u00bb, comme il a insist\u00e9 sur le fait que les membres de l\u2019Autorit\u00e9 sont \u00abmobilis\u00e9s\u00bb pour \u00abpr\u00e9server\u00bb le choix du peuple. Par ailleurs et en r\u00e9ponse \u00e0 une question relative \u00e0 d\u2019\u00e9ventuels pronostics concernant le taux de participation \u00e0 cette pr\u00e9sidentielle, Charfi a affirm\u00e9 que l&rsquo;ANIE \u00abs&#8217;emploie \u00e0 convaincre les citoyens que les pratiques qui \u00e9taient \u00e0 l&rsquo;origine de son abstention seront supprim\u00e9es\u00bb. Le pr\u00e9sident de l\u2019ANIE, qui a mis en relief le travail \u00abcolossal\u00bb accompli tout au long du processus \u00e9lectoral par les 50 membres, citera, \u00e0 titre d\u2019exemple, l&rsquo;op\u00e9ration qui vient d\u2019\u00eatre termin\u00e9e, \u00e0 savoir celle de l\u2019examen des dossiers des postulants \u00e0 la candidature \u00e0 la magistrature supr\u00eame du pays. Il soulignera, dans ce cadre, qu\u2019il s\u2019agit d\u2019une op\u00e9ration ayant requis des moyens mat\u00e9riels et humains \u00abimportants\u00bb et ce, \u00e0 travers la mobilisation de plus de 33 conseillers de la Cour supr\u00eame, 10 conseillers du Conseil d&rsquo;Etat, 20 greffiers et 40 membres de l&rsquo;ANIE pour la v\u00e9rification et l&rsquo;examen manuel des dossiers, outre 170 agents administratifs et 15 ing\u00e9nieurs. C\u2019est dire l\u2019ampleur du travail \u00abminutieux\u00bb effectu\u00e9.<\/p>\n<p><strong>Vers un amendement des textes en vigueur ?<\/strong><\/p>\n<p>L\u2019on apprendra \u00e9galement que sur les 10 millions de formulaires de souscription de signatures individuelles retir\u00e9s par 143 postulants, seulement 876.255 ont \u00e9t\u00e9 r\u00e9cup\u00e9r\u00e9s, soit un taux de 2%. Ce chiffre constitue, selon le pr\u00e9sident de l\u2019ANIE, une perte s\u00e8che pour le Tr\u00e9sor public. \u00ab Cela nous am\u00e8ne \u00e0 r\u00e9fl\u00e9chir, \u00e0 l&rsquo;avenir, \u00e0 amender la loi y aff\u00e9rente pour \u00e9viter qu&rsquo;une telle situation ne se reproduise \u00bb, a plaid\u00e9 Charfi.<br \/>Pour rappel, le pr\u00e9sident de l&rsquo;ANIE avait anim\u00e9 cette conf\u00e9rence de presse pour annoncer les cinq dossiers de candidats \u00e0 l&rsquo;\u00e9lection pr\u00e9sidentielle du 12 d\u00e9cembre qui ont \u00e9t\u00e9 retenus. Les cinq candidats concern\u00e9s par la course \u00e9lectorale sont le secr\u00e9taire g\u00e9n\u00e9ral par int\u00e9rim du Rassemblement national d\u00e9mocratique (RND), Azzedine Mihoubi, le pr\u00e9sident du Mouvement El-Bina, Abdelkader Bengrina, l&rsquo;ancien Premier ministre, Abdelmadjid Tebboune, le pr\u00e9sident du parti Talaie El Houriyet, Ali Benflis, et le pr\u00e9sident du Front Al-Moustakbel, Abdelaziz Belaid. Ces derniers remplissent \u00abtoutes les conditions requises pour la candidature \u00e0 la pr\u00e9sidence de la R\u00e9publique sur les 23 dossiers de postulants d\u00e9pos\u00e9s\u00bb, a notamment expliqu\u00e9 M. Charfi. Pour ce qui est des dossiers restants, ils n&rsquo;ont pas \u00e9t\u00e9 accept\u00e9s car ne remplissant pas les conditions l\u00e9gales pr\u00e9vues par la loi organique relative au r\u00e9gime \u00e9lectoral. Les candidats dont les dossiers ont fait l\u2019objet de rejet peuvent \u00e9ventuellement introduire un recours, comme effectu\u00e9 notamment par M. Belkacem Sahli, SG de l\u2019Alliance nationale r\u00e9publicaine (ANR). Il faut dire que beaucoup de travail attend l\u2019ANIE ces jours-ci puisqu\u2019elle est charg\u00e9e d\u2019organiser tout le processus \u00e9lectoral, et ce, d\u00e8s le d\u00e9but de l\u2019op\u00e9ration d\u2019inscription sur les listes \u00e9lectorales et leur r\u00e9vision. L\u2019ANIE a pour mission essentielle, \u00e9galement, de pr\u00e9parer les op\u00e9rations de vote, de d\u00e9pouillement et de veiller \u00e0 assurer la r\u00e9ussite du scrutin.<br \/><strong>Soraya Guemmouri<\/strong><\/p>\n<p>Auteur: elmoudjahid<br \/>\n<a href=\"http:\/\/www.elmoudjahid.com\/fr\/actualites\/143993\">Cliquez ici pour lire l&rsquo;article depuis sa source.<\/a><\/p>\n","protected":false},"excerpt":{"rendered":"<p>Le pr\u00e9sident de l\u2019Autorit\u00e9 nationale ind\u00e9pendante des \u00e9lections (ANIE) a annonc\u00e9 l&rsquo;\u00e9laboration d&rsquo;une charte d&rsquo;\u00e9thique des pratiques \u00e9lectorales, qui sera sign\u00e9e \u00e0 la fois par l&rsquo;ANIE, les candidats et la presse, avant le d\u00e9but de la campagne \u00e9lectorale. L\u2019autre annonce importante r\u00e9v\u00e9l\u00e9e, \u00e0 la faveur de la conf\u00e9rence de presse, qui a \u00e9t\u00e9 anim\u00e9e samedi [&hellip;]<\/p>\n","protected":false},"author":1744,"featured_media":0,"comment_status":"closed","ping_status":"closed","sticky":false,"template":"","format":"standard","meta":{"fifu_image_url":"","fifu_image_alt":"","footnotes":""},"categories":[73,53],"tags":[],"class_list":["post-66396","post","type-post","status-publish","format-standard","hentry","category-actualite","category-algerie"],"_links":{"self":[{"href":"https:\/\/linitiative.ca\/International\/wp-json\/wp\/v2\/posts\/66396","targetHints":{"allow":["GET"]}}],"collection":[{"href":"https:\/\/linitiative.ca\/International\/wp-json\/wp\/v2\/posts"}],"about":[{"href":"https:\/\/linitiative.ca\/International\/wp-json\/wp\/v2\/types\/post"}],"author":[{"embeddable":true,"href":"https:\/\/linitiative.ca\/International\/wp-json\/wp\/v2\/users\/1744"}],"replies":[{"embeddable":true,"href":"https:\/\/linitiative.ca\/International\/wp-json\/wp\/v2\/comments?post=66396"}],"version-history":[{"count":0,"href":"https:\/\/linitiative.ca\/International\/wp-json\/wp\/v2\/posts\/66396\/revisions"}],"wp:attachment":[{"href":"https:\/\/linitiative.ca\/International\/wp-json\/wp\/v2\/media?parent=66396"}],"wp:term":[{"taxonomy":"category","embeddable":true,"href":"https:\/\/linitiative.ca\/International\/wp-json\/wp\/v2\/categories?post=66396"},{"taxonomy":"post_tag","embeddable":true,"href":"https:\/\/linitiative.ca\/International\/wp-json\/wp\/v2\/tags?post=66396"}],"curies":[{"name":"wp","href":"https:\/\/api.w.org\/{rel}","templated":true}]}}