{"id":66397,"date":"2019-11-03T15:19:13","date_gmt":"2019-11-03T20:19:13","guid":{"rendered":"https:\/\/linitiative.ca\/International\/greve-des-magistrats-le-snm-sengage-a-garantir-le-service-minimum\/"},"modified":"2019-11-03T15:19:13","modified_gmt":"2019-11-03T20:19:13","slug":"greve-des-magistrats-le-snm-sengage-a-garantir-le-service-minimum","status":"publish","type":"post","link":"https:\/\/linitiative.ca\/International\/greve-des-magistrats-le-snm-sengage-a-garantir-le-service-minimum\/","title":{"rendered":"Gr\u00e8ve des magistrats  :  Le SNM s\u2019engage \u00e0 garantir le service minimum"},"content":{"rendered":"<p>Pour son huiti\u00e8me jour cons\u00e9cutif, la gr\u00e8ve des magistrats occupe encore les devants de l\u2019actualit\u00e9 nationale. La protestation des juges se poursuit, et face \u00e0 un tel constat qui en appelle \u00e0 une solution urgente, force est de constater que les relations entre le minist\u00e8re de tutelle et le Syndicat national des magistrats (SNM) se compliquent, c\u2019est le moins que l\u2019on puisse dire. Ceci dit, qu\u2019il y ait d\u00e9nouement du conflit qui oppose les magistrats \u00e0 leur tutelle, cela ne rel\u00e8ve pas de l\u2019impossible. Dans cette optique, le minist\u00e8re a de nouveau r\u00e9it\u00e9r\u00e9 son appel au dialogue par le biais de son directeur des affaires juridiques, M. Abdelhafidh Djaarir, qui est intervenu hier sur les ondes de la cha\u00eene 3 de la Radio nationale. \u00abLe dialogue reste ouvert entre le minist\u00e8re de la Justice et le Syndicat, dont les revendications socioprofessionnelles et les dol\u00e9ances ont besoin d\u2019\u00eatre prises en charge\u00bb, a-t-il soulign\u00e9. Et de poursuivre:\u00a0\u00abNous comprenons parfaitement la d\u00e9tresse dans laquelle se trouvent les magistrats, mais j\u2019exhorte le SNM \u00e0 \u00eatre l\u00e9galiste et \u00e0 respecter les lois de la R\u00e9publique.\u00bb Il regrette aussi que \u00abdes magistrats, garants de la l\u00e9gislation et du respect des lois de la R\u00e9publique, agissent de la sorte\u00bb, tout en r\u00e9it\u00e9rant la \u00abdisponibilit\u00e9 du minist\u00e8re de la Justice \u00e0 les \u00e9couter et \u00e0 r\u00e9gler leurs probl\u00e8mes socioprofessionnels\u00bb.<br \/>\u00a0Le m\u00eame responsable ne manquera pas, en outre, de rappeler que le minist\u00e8re avait d\u00e9j\u00e0 invit\u00e9 le syndicat au dialogue\u00a0\u00abpour r\u00e9gler le probl\u00e8me des salaires et d\u2019autres questions d\u2019ordre socioprofessionnel\u00bb. Il fait sans doute allusion au communiqu\u00e9 diffus\u00e9 jeudi et dans lequel le m\u00eame d\u00e9partement s\u2019est dit \u00abouvert \u00e0 toute initiative dans le cadre d\u2019un dialogue s\u00e9rieux, respectant l\u2019ind\u00e9pendance des institutions, les droits du magistrat, les int\u00e9r\u00eats des justiciables et les int\u00e9r\u00eats supr\u00eames de la soci\u00e9t\u00e9, qu\u2019il convient de placer au-dessus de toutes consid\u00e9rations\u00bb.<br \/>Dans le m\u00eame document, il a \u00e9t\u00e9 rappel\u00e9, \u00e9galement, la programmation pour la troisi\u00e8me semaine du mois courant de la r\u00e9union ordinaire du Conseil sup\u00e9rieur de la magistrature (CSM), une opportunit\u00e9 pour les magistrats qui s\u2019estiment l\u00e9s\u00e9s par le dernier mouvement national pour introduire leurs recours qui \u00abseront tranch\u00e9s dans le cadre des dispositions de l\u2019article 19 de la loi relative \u00e0 la composition du Conseil sup\u00e9rieur de la magistrature, ses actions et ses pr\u00e9rogatives\u00bb.<br \/>Pour le directeur des affaires juridiques, \u00abil est d\u2019usage que le minist\u00e8re op\u00e8re chaque ann\u00e9e un mouvement, lequel est ordinaire\u00bb, pr\u00e9cisant que\u00a0 \u00able dernier mouvement a \u00e9t\u00e9 pr\u00e9par\u00e9 \u00e0 la fin du mois d\u2019ao\u00fbt, mais apr\u00e8s la convocation du corps \u00e9lectoral, il a \u00e9t\u00e9 report\u00e9\u00bb. \u00abNous avons re\u00e7u cette ann\u00e9e plus de 1.297 demandes de mutation qui ont \u00e9t\u00e9 \u00e9tudi\u00e9es\u00bb, a encore fait savoir l\u2019invit\u00e9 de la Radio nationale, indiquant que \u00ab80% des magistrats voulaient travailler dans les grandes villes du Nord du pays, alors que d\u2019autres \u00e9taient rest\u00e9s \u00e0 leurs postes pendant plusieurs ann\u00e9es, ce qui n\u2019est pas normal\u00bb, a-t-il dit.\u00a0<br \/>Un second communiqu\u00e9 du minist\u00e8re d\u00e9ment, quant \u00e0 lui, l\u2019information relay\u00e9e par un journal \u00e9lectronique selon laquelle le chef de l\u2019Etat aurait mis fin aux fonctions du Secr\u00e9taire g\u00e9n\u00e9ral (SG) du minist\u00e8re de la Justice et du Directeur g\u00e9n\u00e9ral (DG) des ressources humaines.\u00a0 \u00abCette information est infond\u00e9e\u00bb, pr\u00e9cise-t-on. \u00abLe magistrat, \u00e0 l\u2019origine de cette information, est m\u00fb par des intentions malveillantes. Avec une telle attitude contraire aux r\u00e8gles \u00e9l\u00e9mentaires de d\u00e9ontologie, il tente de semer le doute chez ses coll\u00e8gues, en adoptant un comportement indigne d\u2019un magistrat\u00bb, lit-on en outre dans le m\u00eame document.<\/p>\n<p><strong>Le SNM s\u2019engage \u00e0 garantir le service minimum<\/strong><\/p>\n<p>De son c\u00f4t\u00e9, le SNM s\u2019est engag\u00e9 hier \u00e0 \u00abassurer le service minimum, en application des d\u00e9cisions de son Conseil national, et partant, du souci des magistrats gr\u00e9vistes d\u2019assumer leurs responsabilit\u00e9s vis-\u00e0-vis du citoyen et de la soci\u00e9t\u00e9 et d\u2019\u00e9viter les situations de d\u00e9tention arbitraire\u00bb, indique le syndicat dans une note d\u2019information reprise par l\u2019agence APS. Il est pr\u00e9cis\u00e9 \u00e0 cet effet que \u00ab\u00a0les magistrats auront \u00e0 prononcer tous les verdicts relatifs aux affaires en examen de d\u00e9tenus, statuer en mati\u00e8re de libert\u00e9s en premi\u00e8re pr\u00e9sentation, tant en comparution imm\u00e9diate que par r\u00e9quisitoires introductifs, trancher sur toutes les demandes relatives \u00e0 la d\u00e9tention conditionn\u00e9es par des d\u00e9lais l\u00e9gaux, statuer sur les affaires de r\u00e9f\u00e9r\u00e9 d\u2019heure \u00e0 heure, et trancher sur les demandes de prolongation de la garde \u00e0 vue et d\u2019interdiction de quitter le territoire national\u00bb.<br \/>Les magistrats gr\u00e9vistes devront, \u00e9galement, \u00abstatuer sur les demandes d\u2019extension de la comp\u00e9tence et les mandats de perquisition, la d\u00e9livrance des permis d\u2019inhumer, la d\u00e9livrance des permis de communiquer avec les d\u00e9tenus et d\u2019assurer la permanence au niveau des juridictions et de s\u2019acquitter de toutes les t\u00e2ches y aff\u00e9rentes\u00bb, ajoute la m\u00eame note.<br \/>Karim Aoudia<\/p>\n<p>Auteur: elmoudjahid<br \/>\n<a href=\"http:\/\/www.elmoudjahid.com\/fr\/actualites\/143994\">Cliquez ici pour lire l&rsquo;article depuis sa source.<\/a><\/p>\n","protected":false},"excerpt":{"rendered":"<p>Pour son huiti\u00e8me jour cons\u00e9cutif, la gr\u00e8ve des magistrats occupe encore les devants de l\u2019actualit\u00e9 nationale. La protestation des juges se poursuit, et face \u00e0 un tel constat qui en appelle \u00e0 une solution urgente, force est de constater que les relations entre le minist\u00e8re de tutelle et le Syndicat national des magistrats (SNM) se [&hellip;]<\/p>\n","protected":false},"author":1744,"featured_media":0,"comment_status":"closed","ping_status":"closed","sticky":false,"template":"","format":"standard","meta":{"fifu_image_url":"","fifu_image_alt":"","footnotes":""},"categories":[73,53],"tags":[],"class_list":["post-66397","post","type-post","status-publish","format-standard","hentry","category-actualite","category-algerie"],"_links":{"self":[{"href":"https:\/\/linitiative.ca\/International\/wp-json\/wp\/v2\/posts\/66397","targetHints":{"allow":["GET"]}}],"collection":[{"href":"https:\/\/linitiative.ca\/International\/wp-json\/wp\/v2\/posts"}],"about":[{"href":"https:\/\/linitiative.ca\/International\/wp-json\/wp\/v2\/types\/post"}],"author":[{"embeddable":true,"href":"https:\/\/linitiative.ca\/International\/wp-json\/wp\/v2\/users\/1744"}],"replies":[{"embeddable":true,"href":"https:\/\/linitiative.ca\/International\/wp-json\/wp\/v2\/comments?post=66397"}],"version-history":[{"count":0,"href":"https:\/\/linitiative.ca\/International\/wp-json\/wp\/v2\/posts\/66397\/revisions"}],"wp:attachment":[{"href":"https:\/\/linitiative.ca\/International\/wp-json\/wp\/v2\/media?parent=66397"}],"wp:term":[{"taxonomy":"category","embeddable":true,"href":"https:\/\/linitiative.ca\/International\/wp-json\/wp\/v2\/categories?post=66397"},{"taxonomy":"post_tag","embeddable":true,"href":"https:\/\/linitiative.ca\/International\/wp-json\/wp\/v2\/tags?post=66397"}],"curies":[{"name":"wp","href":"https:\/\/api.w.org\/{rel}","templated":true}]}}