{"id":66398,"date":"2019-11-03T15:19:15","date_gmt":"2019-11-03T20:19:15","guid":{"rendered":"https:\/\/linitiative.ca\/International\/cour-doran-tentative-dempechement-de-louverture-de-la-session-criminelle\/"},"modified":"2019-11-03T15:19:15","modified_gmt":"2019-11-03T20:19:15","slug":"cour-doran-tentative-dempechement-de-louverture-de-la-session-criminelle","status":"publish","type":"post","link":"https:\/\/linitiative.ca\/International\/cour-doran-tentative-dempechement-de-louverture-de-la-session-criminelle\/","title":{"rendered":"Cour d\u2019Oran  :  Tentative d\u2019emp\u00eachement de l\u2019ouverture  de la session criminelle"},"content":{"rendered":"<p>Les magistrats de la Cour d&rsquo;Oran en gr\u00e8ve se sont rassembl\u00e9s hier dans l&rsquo;enceinte m\u00eame de la Cour, reprenant des slogans propres \u00e0 leur corporation et tentant d&#8217;emp\u00eacher l&rsquo;ouverture de la session criminelle, avant l&rsquo;intervention des forces de l&rsquo;ordre, a-t-on constat\u00e9. Au cours de ce rassemblement, les magistrats protestataires ont tent\u00e9 d&#8217;emp\u00eacher l&rsquo;ouverture de la session criminelle qui devait avoir lieu dans la matin\u00e9e, n\u00e9cessitant l&rsquo;intervention de la Gendarmerie nationale dont les forces ont \u00e9t\u00e9 d\u00e9p\u00each\u00e9es \u00e0 la Cour d&rsquo;Oran. Des \u00e9chauffour\u00e9es s&rsquo;en sont suivies entre les magistrats protestataires et les forces de l&rsquo;ordre. Les magistrats de la Cour d\u2019Oran, en gr\u00e8ve depuis une semaine, \u00e0 l\u2019instar des magistrats des autres wilayas du pays, ont scand\u00e9 des slogans appelant \u00e0 une \u00abjustice libre et ind\u00e9pendante\u00bb. De nombreux magistrats des wilayas de l\u2019Ouest du pays se sont joints au mouvement, en milieu de journ\u00e9e, pour apporter leur \u00absoutien\u00bb \u00e0 leurs coll\u00e8gues d\u2019Oran, a-t-on constat\u00e9. Apr\u00e8s cette intervention, les forces de la Gendarmerie nationale se sont retir\u00e9es et les magistrats ont poursuivi leur rassemblement au sein m\u00eame de la Cour et se sont, ensuite, r\u00e9unis dans une salle d\u2019audience pour d\u00e9cider de la d\u00e9marche \u00e0 suivre.<\/p>\n<p>Auteur: elmoudjahid<br \/>\n<a href=\"http:\/\/www.elmoudjahid.com\/fr\/actualites\/143995\">Cliquez ici pour lire l&rsquo;article depuis sa source.<\/a><\/p>\n","protected":false},"excerpt":{"rendered":"<p>Les magistrats de la Cour d&rsquo;Oran en gr\u00e8ve se sont rassembl\u00e9s hier dans l&rsquo;enceinte m\u00eame de la Cour, reprenant des slogans propres \u00e0 leur corporation et tentant d&#8217;emp\u00eacher l&rsquo;ouverture de la session criminelle, avant l&rsquo;intervention des forces de l&rsquo;ordre, a-t-on constat\u00e9. Au cours de ce rassemblement, les magistrats protestataires ont tent\u00e9 d&#8217;emp\u00eacher l&rsquo;ouverture de la [&hellip;]<\/p>\n","protected":false},"author":1744,"featured_media":0,"comment_status":"closed","ping_status":"closed","sticky":false,"template":"","format":"standard","meta":{"fifu_image_url":"","fifu_image_alt":"","footnotes":""},"categories":[73,53],"tags":[],"class_list":["post-66398","post","type-post","status-publish","format-standard","hentry","category-actualite","category-algerie"],"_links":{"self":[{"href":"https:\/\/linitiative.ca\/International\/wp-json\/wp\/v2\/posts\/66398","targetHints":{"allow":["GET"]}}],"collection":[{"href":"https:\/\/linitiative.ca\/International\/wp-json\/wp\/v2\/posts"}],"about":[{"href":"https:\/\/linitiative.ca\/International\/wp-json\/wp\/v2\/types\/post"}],"author":[{"embeddable":true,"href":"https:\/\/linitiative.ca\/International\/wp-json\/wp\/v2\/users\/1744"}],"replies":[{"embeddable":true,"href":"https:\/\/linitiative.ca\/International\/wp-json\/wp\/v2\/comments?post=66398"}],"version-history":[{"count":0,"href":"https:\/\/linitiative.ca\/International\/wp-json\/wp\/v2\/posts\/66398\/revisions"}],"wp:attachment":[{"href":"https:\/\/linitiative.ca\/International\/wp-json\/wp\/v2\/media?parent=66398"}],"wp:term":[{"taxonomy":"category","embeddable":true,"href":"https:\/\/linitiative.ca\/International\/wp-json\/wp\/v2\/categories?post=66398"},{"taxonomy":"post_tag","embeddable":true,"href":"https:\/\/linitiative.ca\/International\/wp-json\/wp\/v2\/tags?post=66398"}],"curies":[{"name":"wp","href":"https:\/\/api.w.org\/{rel}","templated":true}]}}