{"id":66399,"date":"2019-11-03T15:19:17","date_gmt":"2019-11-03T20:19:17","guid":{"rendered":"https:\/\/linitiative.ca\/International\/ouargla-installation-du-nouveau-president-du-tribunal-administratif\/"},"modified":"2019-11-03T15:19:17","modified_gmt":"2019-11-03T20:19:17","slug":"ouargla-installation-du-nouveau-president-du-tribunal-administratif","status":"publish","type":"post","link":"https:\/\/linitiative.ca\/International\/ouargla-installation-du-nouveau-president-du-tribunal-administratif\/","title":{"rendered":"Ouargla : Installation du nouveau pr\u00e9sident du tribunal administratif"},"content":{"rendered":"<p>Le nouveau pr\u00e9sident du tribunal administratif de Gharda\u00efa, Abdennacer Mahsar, a \u00e9t\u00e9 install\u00e9 hier dans ses fonctions, en remplacement de M. Hachemi Sa\u00e2da, affect\u00e9 comme conseiller au Conseil d\u2019Etat.<br \/>Pr\u00e9sidant la c\u00e9r\u00e9monie d\u2019installation, la pr\u00e9sidente du Conseil d\u2019Etat, Farida Benyahia, a indiqu\u00e9 que l\u2019op\u00e9ration s\u2019inscrit dans le cadre du dernier mouvement op\u00e9r\u00e9 par le chef de l\u2019Etat dans le corps des pr\u00e9sidents et commissaires d\u2019Etat pr\u00e8s les tribunaux administratifs.<br \/>\u00abCe mouvement a touch\u00e9 des institutions de la Justice, comme cela se fait pour toutes les institutions de l\u2019Etat\u00bb, a d\u00e9clar\u00e9 Mme Benyahia, ajoutant que le ministre de la Justice, garde des Sceaux, exhorte les pr\u00e9sidents de juridictions et la famille de la Justice \u00e0 ne m\u00e9nager aucun effort pour asseoir l\u2019autorit\u00e9 de la Loi, veiller \u00e0 son application scrupuleuse et accomplir leurs devoirs constitutionnels et l\u00e9gaux avec abn\u00e9gation, objectivit\u00e9, impartialit\u00e9 et transparence, dans le respect de la d\u00e9ontologie.<br \/>\u00a0La c\u00e9r\u00e9monie s\u2019est d\u00e9roul\u00e9e en pr\u00e9sence des autorit\u00e9s et \u00e9lus locaux et de cadres du secteur de la Justice.<\/p>\n<p>Auteur: elmoudjahid<br \/>\n<a href=\"http:\/\/www.elmoudjahid.com\/fr\/actualites\/143996\">Cliquez ici pour lire l&rsquo;article depuis sa source.<\/a><\/p>\n","protected":false},"excerpt":{"rendered":"<p>Le nouveau pr\u00e9sident du tribunal administratif de Gharda\u00efa, Abdennacer Mahsar, a \u00e9t\u00e9 install\u00e9 hier dans ses fonctions, en remplacement de M. Hachemi Sa\u00e2da, affect\u00e9 comme conseiller au Conseil d\u2019Etat.Pr\u00e9sidant la c\u00e9r\u00e9monie d\u2019installation, la pr\u00e9sidente du Conseil d\u2019Etat, Farida Benyahia, a indiqu\u00e9 que l\u2019op\u00e9ration s\u2019inscrit dans le cadre du dernier mouvement op\u00e9r\u00e9 par le chef de [&hellip;]<\/p>\n","protected":false},"author":1744,"featured_media":0,"comment_status":"closed","ping_status":"closed","sticky":false,"template":"","format":"standard","meta":{"fifu_image_url":"","fifu_image_alt":"","footnotes":""},"categories":[73,53],"tags":[],"class_list":["post-66399","post","type-post","status-publish","format-standard","hentry","category-actualite","category-algerie"],"_links":{"self":[{"href":"https:\/\/linitiative.ca\/International\/wp-json\/wp\/v2\/posts\/66399","targetHints":{"allow":["GET"]}}],"collection":[{"href":"https:\/\/linitiative.ca\/International\/wp-json\/wp\/v2\/posts"}],"about":[{"href":"https:\/\/linitiative.ca\/International\/wp-json\/wp\/v2\/types\/post"}],"author":[{"embeddable":true,"href":"https:\/\/linitiative.ca\/International\/wp-json\/wp\/v2\/users\/1744"}],"replies":[{"embeddable":true,"href":"https:\/\/linitiative.ca\/International\/wp-json\/wp\/v2\/comments?post=66399"}],"version-history":[{"count":0,"href":"https:\/\/linitiative.ca\/International\/wp-json\/wp\/v2\/posts\/66399\/revisions"}],"wp:attachment":[{"href":"https:\/\/linitiative.ca\/International\/wp-json\/wp\/v2\/media?parent=66399"}],"wp:term":[{"taxonomy":"category","embeddable":true,"href":"https:\/\/linitiative.ca\/International\/wp-json\/wp\/v2\/categories?post=66399"},{"taxonomy":"post_tag","embeddable":true,"href":"https:\/\/linitiative.ca\/International\/wp-json\/wp\/v2\/tags?post=66399"}],"curies":[{"name":"wp","href":"https:\/\/api.w.org\/{rel}","templated":true}]}}