{"id":66405,"date":"2019-11-03T10:42:00","date_gmt":"2019-11-03T15:42:00","guid":{"rendered":"https:\/\/linitiative.ca\/International\/limogeage-du-sg-et-du-drh-le-ministere-de-la-justice-dement\/"},"modified":"2019-11-03T10:42:00","modified_gmt":"2019-11-03T15:42:00","slug":"limogeage-du-sg-et-du-drh-le-ministere-de-la-justice-dement","status":"publish","type":"post","link":"https:\/\/linitiative.ca\/International\/limogeage-du-sg-et-du-drh-le-ministere-de-la-justice-dement\/","title":{"rendered":"LIMOGEAGE DU SG ET DU DRH : Le minist\u00e8re de la Justice d\u00e9ment"},"content":{"rendered":"<p><br id=\"sep_para_1\" class=\"sep_para access\"\/><\/p>\n<div id=\"para_1\" class=\"para_33786418 resize\">\n<div class=\"texte access firstletter\">En plein bras de fer entre le minist\u00e8re de la Justice et le syndicat national des magistrats, une information annon\u00e7ant le limogeage du Secr\u00e9taire g\u00e9n\u00e9ral (SG) et du Directeur des ressources humaines (DRH) du d\u00e9partement de Belkacem Zeghmati est relay\u00e9e sur les r\u00e9seaux sociaux et a \u00e9t\u00e9 m\u00eame reprise par des sites web. Dans un communiqu\u00e9 diffus\u00e9 dimanche matin, le minist\u00e8re de la Justice apporte un d\u00e9menti cat\u00e9gorique quant au limogeage pr\u00e9sum\u00e9 du SG et du DRH. \u00ab C\u2019est une information d\u00e9nu\u00e9e de tout fondement \u00bb, indique le communiqu\u00e9, accusant le magistrat derri\u00e8re la propagation de cette rumeur d\u2019avoir des intentions \u00ab non innocentes \u00bb. Le minist\u00e8re de la Justice regrette, en outre, ce comportement contraire \u00e0 la d\u00e9ontologie et \u0153uvrant \u00e0 \u00ab semer le doute aupr\u00e8s de ses coll\u00e8gues magistrats \u00bb.\u00a0\u00a0\u00a0\u00a0\u00a0\u00a0\u00a0\u00a0\u00a0<\/div>\n<\/div>\n<p>Auteur: Nadine<br \/>\n<a href=\"https:\/\/www.reflexiondz.net\/LIMOGEAGE-DU-SG-ET-DU-DRH-Le-ministere-de-la-Justice-dement_a58610.html\">Cliquez ici pour lire l&rsquo;article depuis sa source.<\/a><\/p>\n","protected":false},"excerpt":{"rendered":"<p>En plein bras de fer entre le minist\u00e8re de la Justice et le syndicat national des magistrats, une information annon\u00e7ant le limogeage du Secr\u00e9taire g\u00e9n\u00e9ral (SG) et du Directeur des ressources humaines (DRH) du d\u00e9partement de Belkacem Zeghmati est relay\u00e9e sur les r\u00e9seaux sociaux et a \u00e9t\u00e9 m\u00eame reprise par des sites web. Dans un [&hellip;]<\/p>\n","protected":false},"author":1740,"featured_media":0,"comment_status":"closed","ping_status":"closed","sticky":false,"template":"","format":"standard","meta":{"fifu_image_url":"","fifu_image_alt":"","footnotes":""},"categories":[53,76],"tags":[],"class_list":["post-66405","post","type-post","status-publish","format-standard","hentry","category-algerie","category-regions"],"_links":{"self":[{"href":"https:\/\/linitiative.ca\/International\/wp-json\/wp\/v2\/posts\/66405","targetHints":{"allow":["GET"]}}],"collection":[{"href":"https:\/\/linitiative.ca\/International\/wp-json\/wp\/v2\/posts"}],"about":[{"href":"https:\/\/linitiative.ca\/International\/wp-json\/wp\/v2\/types\/post"}],"author":[{"embeddable":true,"href":"https:\/\/linitiative.ca\/International\/wp-json\/wp\/v2\/users\/1740"}],"replies":[{"embeddable":true,"href":"https:\/\/linitiative.ca\/International\/wp-json\/wp\/v2\/comments?post=66405"}],"version-history":[{"count":0,"href":"https:\/\/linitiative.ca\/International\/wp-json\/wp\/v2\/posts\/66405\/revisions"}],"wp:attachment":[{"href":"https:\/\/linitiative.ca\/International\/wp-json\/wp\/v2\/media?parent=66405"}],"wp:term":[{"taxonomy":"category","embeddable":true,"href":"https:\/\/linitiative.ca\/International\/wp-json\/wp\/v2\/categories?post=66405"},{"taxonomy":"post_tag","embeddable":true,"href":"https:\/\/linitiative.ca\/International\/wp-json\/wp\/v2\/tags?post=66405"}],"curies":[{"name":"wp","href":"https:\/\/api.w.org\/{rel}","templated":true}]}}