{"id":66406,"date":"2019-11-03T10:42:00","date_gmt":"2019-11-03T15:42:00","guid":{"rendered":"https:\/\/linitiative.ca\/International\/setif-un-homme-tue-sa-femme-et-ses-enfants\/"},"modified":"2019-11-03T10:42:00","modified_gmt":"2019-11-03T15:42:00","slug":"setif-un-homme-tue-sa-femme-et-ses-enfants","status":"publish","type":"post","link":"https:\/\/linitiative.ca\/International\/setif-un-homme-tue-sa-femme-et-ses-enfants\/","title":{"rendered":"SETIF  : Un homme tue sa  femme et ses enfants"},"content":{"rendered":"<p><br id=\"sep_para_1\" class=\"sep_para access\"\/><\/p>\n<div id=\"para_1\" class=\"para_33786417 resize\">\n<div class=\"photo shadow left\"><a href=\"javascript:void(0)\" rel=\"https:\/\/www.reflexiondz.net\/photo\/art\/grande\/39053679-33786417.jpg?v=1572807526&#038;ibox\" title=\"SETIF : Un homme tue sa femme et ses enfants\"><img decoding=\"async\" class=\"responsive c9\" src=\"https:\/\/www.reflexiondz.net\/photo\/art\/grande\/39053679-33786417.jpg?v=1572807526\" alt=\"SETIF : Un homme tue sa femme et ses enfants\" title=\"SETIF : Un homme tue sa femme et ses enfants\"\/><img decoding=\"async\" class=\"not-responsive\" src=\"https:\/\/www.reflexiondz.net\/photo\/art\/default\/39053679-33786417.jpg?v=1572807527\" alt=\"SETIF : Un homme tue sa femme et ses enfants\" title=\"SETIF : Un homme tue sa femme et ses enfants\"\/><\/a><\/div>\n<div class=\"texte access firstletter\">Le corps d\u2019une maman et de ses trois enfants ont \u00e9t\u00e9 d\u00e9couverts dans le domicile familial \u00e0 Ouled Sabor, une agglom\u00e9ration au sud de la ville de S\u00e9tif, rapporte Ennahar Tv , dimanche 3 novembre. Selon la m\u00eame source, les quatre victimes auraient \u00e9t\u00e9 tu\u00e9es par strangulation. Le p\u00e8re se trouve donc soup\u00e7onn\u00e9, ajoute Ennahar sans donner plus davantage d\u2019informations. C\u2019est le deuxi\u00e8me crime crapuleux que connait la wilaya de S\u00e9tif \u00e0 pr\u00e8s d\u2019un mois. D\u00e9but octobre, un jeune homme a \u00e9t\u00e9 \u00e9gorg\u00e9 avec sang froid par un individu en moto suite \u00e0 une altercation. Le meurtre a \u00e9t\u00e9 commis en plein centre-ville de la capitale des Hauts plateaux.\u00a0\u00a0\u00a0\u00a0<\/div>\n<\/div>\n<p>Auteur: Ismain<br \/>\n<a href=\"https:\/\/www.reflexiondz.net\/SETIF-Un-homme-tue-sa-femme-et-ses-enfants_a58609.html\">Cliquez ici pour lire l&rsquo;article depuis sa source.<\/a><\/p>\n","protected":false},"excerpt":{"rendered":"<p>Le corps d\u2019une maman et de ses trois enfants ont \u00e9t\u00e9 d\u00e9couverts dans le domicile familial \u00e0 Ouled Sabor, une agglom\u00e9ration au sud de la ville de S\u00e9tif, rapporte Ennahar Tv , dimanche 3 novembre. Selon la m\u00eame source, les quatre victimes auraient \u00e9t\u00e9 tu\u00e9es par strangulation. Le p\u00e8re se trouve donc soup\u00e7onn\u00e9, ajoute Ennahar [&hellip;]<\/p>\n","protected":false},"author":1740,"featured_media":0,"comment_status":"closed","ping_status":"closed","sticky":false,"template":"","format":"standard","meta":{"fifu_image_url":"","fifu_image_alt":"","footnotes":""},"categories":[53,76],"tags":[],"class_list":["post-66406","post","type-post","status-publish","format-standard","hentry","category-algerie","category-regions"],"_links":{"self":[{"href":"https:\/\/linitiative.ca\/International\/wp-json\/wp\/v2\/posts\/66406","targetHints":{"allow":["GET"]}}],"collection":[{"href":"https:\/\/linitiative.ca\/International\/wp-json\/wp\/v2\/posts"}],"about":[{"href":"https:\/\/linitiative.ca\/International\/wp-json\/wp\/v2\/types\/post"}],"author":[{"embeddable":true,"href":"https:\/\/linitiative.ca\/International\/wp-json\/wp\/v2\/users\/1740"}],"replies":[{"embeddable":true,"href":"https:\/\/linitiative.ca\/International\/wp-json\/wp\/v2\/comments?post=66406"}],"version-history":[{"count":0,"href":"https:\/\/linitiative.ca\/International\/wp-json\/wp\/v2\/posts\/66406\/revisions"}],"wp:attachment":[{"href":"https:\/\/linitiative.ca\/International\/wp-json\/wp\/v2\/media?parent=66406"}],"wp:term":[{"taxonomy":"category","embeddable":true,"href":"https:\/\/linitiative.ca\/International\/wp-json\/wp\/v2\/categories?post=66406"},{"taxonomy":"post_tag","embeddable":true,"href":"https:\/\/linitiative.ca\/International\/wp-json\/wp\/v2\/tags?post=66406"}],"curies":[{"name":"wp","href":"https:\/\/api.w.org\/{rel}","templated":true}]}}