{"id":66407,"date":"2019-11-03T10:42:00","date_gmt":"2019-11-03T15:42:00","guid":{"rendered":"https:\/\/linitiative.ca\/International\/benflis-conspue-dans-un-restaurant-a-alger\/"},"modified":"2019-11-03T10:42:00","modified_gmt":"2019-11-03T15:42:00","slug":"benflis-conspue-dans-un-restaurant-a-alger","status":"publish","type":"post","link":"https:\/\/linitiative.ca\/International\/benflis-conspue-dans-un-restaurant-a-alger\/","title":{"rendered":"Benflis conspu\u00e9 dans un restaurant \u00e0 Alger !"},"content":{"rendered":"<p><br id=\"sep_para_1\" class=\"sep_para access\"\/><\/p>\n<div id=\"para_1\" class=\"para_33786422 resize\">\n<div class=\"texte access firstletter\">Ali Benflis, candidat \u00e0 la pr\u00e9sidentielle du 12 d\u00e9cembre, a \u00e9t\u00e9 hu\u00e9 et chahut\u00e9 par des riverains \u00e0 sa sortie d\u2019un restaurant \u00e0 Baba Hassen, \u00e0 l\u2019ouest d\u2019Alger. La sc\u00e8ne a \u00e9t\u00e9 captur\u00e9e par plusieurs cam\u00e9ras de smartphone de plusieurs personnes qui \u00e9taient pr\u00e9sentes. Des dizaines de citoyens se sont amass\u00e9s autour de l\u2019ex-chef du gouvernement de Bouteflika, qui semblait initialement vouloir tenter de s\u2019adresser \u00e0 eux. Constatant le rejet de sa personne aux cris de \u00ab vous avez mang\u00e9 le pays, bande de voleurs \u00bb, celui qui a termin\u00e9 deuxi\u00e8me lors des \u00e9lections pr\u00e9sidentielles de 2004 et 2014 a regagn\u00e9 un v\u00e9hicule qui l\u2019attendait, non sans \u00eatre poursuivi et raill\u00e9 par les manifestants aux cris de \u00ab Emchi ! \u00bb (\u00ab Va-t\u2019en ! \u00bb). Ali Benflis est candidat aux \u00e9lections pr\u00e9sidentielles pr\u00e9vues le 12 d\u00e9cembre prochain. L\u2019Autorit\u00e9 d\u2019organisation des \u00e9lections a indiqu\u00e9 que M. Benflis a fini \u00e0 la deuxi\u00e8me place en termes de nombre de parrainages obtenus parmi les cinq candidats retenus pour le prochain scrutin, derri\u00e8re Abdelmadjid Tebboune, autre ex-Premier ministre du pr\u00e9sident Bouteflika.<\/div>\n<\/div>\n<p>Auteur: R\u00e9flexion<br \/>\n<a href=\"https:\/\/www.reflexiondz.net\/Benflis-conspue-dans-un-restaurant-a-Alger-_a58613.html\">Cliquez ici pour lire l&rsquo;article depuis sa source.<\/a><\/p>\n","protected":false},"excerpt":{"rendered":"<p>Ali Benflis, candidat \u00e0 la pr\u00e9sidentielle du 12 d\u00e9cembre, a \u00e9t\u00e9 hu\u00e9 et chahut\u00e9 par des riverains \u00e0 sa sortie d\u2019un restaurant \u00e0 Baba Hassen, \u00e0 l\u2019ouest d\u2019Alger. La sc\u00e8ne a \u00e9t\u00e9 captur\u00e9e par plusieurs cam\u00e9ras de smartphone de plusieurs personnes qui \u00e9taient pr\u00e9sentes. Des dizaines de citoyens se sont amass\u00e9s autour de l\u2019ex-chef du [&hellip;]<\/p>\n","protected":false},"author":1740,"featured_media":0,"comment_status":"closed","ping_status":"closed","sticky":false,"template":"","format":"standard","meta":{"fifu_image_url":"","fifu_image_alt":"","footnotes":""},"categories":[53,76],"tags":[],"class_list":["post-66407","post","type-post","status-publish","format-standard","hentry","category-algerie","category-regions"],"_links":{"self":[{"href":"https:\/\/linitiative.ca\/International\/wp-json\/wp\/v2\/posts\/66407","targetHints":{"allow":["GET"]}}],"collection":[{"href":"https:\/\/linitiative.ca\/International\/wp-json\/wp\/v2\/posts"}],"about":[{"href":"https:\/\/linitiative.ca\/International\/wp-json\/wp\/v2\/types\/post"}],"author":[{"embeddable":true,"href":"https:\/\/linitiative.ca\/International\/wp-json\/wp\/v2\/users\/1740"}],"replies":[{"embeddable":true,"href":"https:\/\/linitiative.ca\/International\/wp-json\/wp\/v2\/comments?post=66407"}],"version-history":[{"count":0,"href":"https:\/\/linitiative.ca\/International\/wp-json\/wp\/v2\/posts\/66407\/revisions"}],"wp:attachment":[{"href":"https:\/\/linitiative.ca\/International\/wp-json\/wp\/v2\/media?parent=66407"}],"wp:term":[{"taxonomy":"category","embeddable":true,"href":"https:\/\/linitiative.ca\/International\/wp-json\/wp\/v2\/categories?post=66407"},{"taxonomy":"post_tag","embeddable":true,"href":"https:\/\/linitiative.ca\/International\/wp-json\/wp\/v2\/tags?post=66407"}],"curies":[{"name":"wp","href":"https:\/\/api.w.org\/{rel}","templated":true}]}}