{"id":66408,"date":"2019-11-03T10:42:00","date_gmt":"2019-11-03T15:42:00","guid":{"rendered":"https:\/\/linitiative.ca\/International\/presidentielle-sahli-introduit-un-recours-aupres-du-conseil-constitutionnel\/"},"modified":"2019-11-03T10:42:00","modified_gmt":"2019-11-03T15:42:00","slug":"presidentielle-sahli-introduit-un-recours-aupres-du-conseil-constitutionnel","status":"publish","type":"post","link":"https:\/\/linitiative.ca\/International\/presidentielle-sahli-introduit-un-recours-aupres-du-conseil-constitutionnel\/","title":{"rendered":"PRESIDENTIELLE  : Sahli introduit un recours aupr\u00e8s du Conseil constitutionnel"},"content":{"rendered":"<p><br id=\"sep_para_1\" class=\"sep_para access\"\/><\/p>\n<div id=\"para_1\" class=\"para_33786419 resize\">\n<div class=\"texte access firstletter\">Belkacem Sahli, Secr\u00e9taire g\u00e9n\u00e9ral de l\u2019Alliance nationale r\u00e9publicaine (ANR), a d\u00e9pos\u00e9 ce dimanche 3 novembre, un recours aupr\u00e8s du Conseil constitutionnel. Belkacem Sahli, qui s\u2019\u00e9tait vant\u00e9 du nombre de parrainages qu\u2019il avait collect\u00e9s lors du d\u00e9p\u00f4t de son dossier aupr\u00e8s de l\u2019ANIE, a eu hier la mauvaise nouvelle du rejet de sa candidature. Quoi qu\u2019il dispose de 48 heures, soit jusqu\u2019\u00e0 demain, le SG de l\u2019ANR s\u2019est h\u00e2t\u00e9 de faire valoir son droit en suivant la voie de recours dict\u00e9e par la nouvelle loi \u00e9lectorale. Selon nos informations, d\u2019autres candidats non-retenus d\u00e9poseront \u00e9galement des recours. Pour rappel, l\u2019Autorit\u00e9 nationale ind\u00e9pendante des \u00e9lections (ANIE) n\u2019a retenu que cinq candidatures, \u00e0 savoir celles d\u2019Azzedine Mihoubi, Ali Benflis, Abdelmadjid Tebboune, Abdelkader Bengrina et Abdelaziz Bela\u00efd.\u00a0\u00a0\u00a0\u00a0\u00a0\u00a0\u00a0<\/div>\n<\/div>\n<p>Auteur: Ismain<br \/>\n<a href=\"https:\/\/www.reflexiondz.net\/PRESIDENTIELLE-Sahli-introduit-un-recours-aupres-du-Conseil-constitutionnel_a58611.html\">Cliquez ici pour lire l&rsquo;article depuis sa source.<\/a><\/p>\n","protected":false},"excerpt":{"rendered":"<p>Belkacem Sahli, Secr\u00e9taire g\u00e9n\u00e9ral de l\u2019Alliance nationale r\u00e9publicaine (ANR), a d\u00e9pos\u00e9 ce dimanche 3 novembre, un recours aupr\u00e8s du Conseil constitutionnel. Belkacem Sahli, qui s\u2019\u00e9tait vant\u00e9 du nombre de parrainages qu\u2019il avait collect\u00e9s lors du d\u00e9p\u00f4t de son dossier aupr\u00e8s de l\u2019ANIE, a eu hier la mauvaise nouvelle du rejet de sa candidature. Quoi qu\u2019il [&hellip;]<\/p>\n","protected":false},"author":1740,"featured_media":0,"comment_status":"closed","ping_status":"closed","sticky":false,"template":"","format":"standard","meta":{"fifu_image_url":"","fifu_image_alt":"","footnotes":""},"categories":[53,76],"tags":[],"class_list":["post-66408","post","type-post","status-publish","format-standard","hentry","category-algerie","category-regions"],"_links":{"self":[{"href":"https:\/\/linitiative.ca\/International\/wp-json\/wp\/v2\/posts\/66408","targetHints":{"allow":["GET"]}}],"collection":[{"href":"https:\/\/linitiative.ca\/International\/wp-json\/wp\/v2\/posts"}],"about":[{"href":"https:\/\/linitiative.ca\/International\/wp-json\/wp\/v2\/types\/post"}],"author":[{"embeddable":true,"href":"https:\/\/linitiative.ca\/International\/wp-json\/wp\/v2\/users\/1740"}],"replies":[{"embeddable":true,"href":"https:\/\/linitiative.ca\/International\/wp-json\/wp\/v2\/comments?post=66408"}],"version-history":[{"count":0,"href":"https:\/\/linitiative.ca\/International\/wp-json\/wp\/v2\/posts\/66408\/revisions"}],"wp:attachment":[{"href":"https:\/\/linitiative.ca\/International\/wp-json\/wp\/v2\/media?parent=66408"}],"wp:term":[{"taxonomy":"category","embeddable":true,"href":"https:\/\/linitiative.ca\/International\/wp-json\/wp\/v2\/categories?post=66408"},{"taxonomy":"post_tag","embeddable":true,"href":"https:\/\/linitiative.ca\/International\/wp-json\/wp\/v2\/tags?post=66408"}],"curies":[{"name":"wp","href":"https:\/\/api.w.org\/{rel}","templated":true}]}}