{"id":66409,"date":"2019-11-03T10:42:00","date_gmt":"2019-11-03T15:42:00","guid":{"rendered":"https:\/\/linitiative.ca\/International\/presidentielle-lanie-sengage-a-garantir-une-election-reguliere-et-democratique\/"},"modified":"2019-11-03T10:42:00","modified_gmt":"2019-11-03T15:42:00","slug":"presidentielle-lanie-sengage-a-garantir-une-election-reguliere-et-democratique","status":"publish","type":"post","link":"https:\/\/linitiative.ca\/International\/presidentielle-lanie-sengage-a-garantir-une-election-reguliere-et-democratique\/","title":{"rendered":"PRESIDENTIELLE  : L&rsquo;ANIE s&rsquo;engage \u00e0 garantir une \u00e9lection \u00ab\u00a0r\u00e9guli\u00e8re et d\u00e9mocratique\u00a0\u00bb"},"content":{"rendered":"<p><br id=\"sep_para_1\" class=\"sep_para access\"\/><\/p>\n<div id=\"para_1\" class=\"para_33786413 resize\">\n<div class=\"texte access firstletter\">L&rsquo;Autorit\u00e9 nationale ind\u00e9pendante des \u00e9lections (ANIE) a r\u00e9affirm\u00e9, par la voix de son pr\u00e9sident Mohamed Charfi, son engagement\u00a0 \u00e0 veiller \u00e0 ce que l&rsquo;\u00e9lection pr\u00e9sidentielle, pr\u00e9vue le 12 d\u00e9cembre, soit \u00ab\u00a0r\u00e9guli\u00e8re et d\u00e9mocratique\u00a0\u00bb. Intervenant lors d&rsquo;une conf\u00e9rence de presse consacr\u00e9e \u00e0 l&rsquo;annonce de la liste des candidats \u00e0 la prochaine Pr\u00e9sidentielle, M. Charfi a indiqu\u00e9 que l&rsquo;ANIE \u00ab\u00a0s&rsquo;engage \u00e0 garantir une \u00e9lection r\u00e9guli\u00e8re et d\u00e9mocratique\u00a0\u00bb, soulignant que \u00ab\u00a0ses membres sont mobilis\u00e9s pour pr\u00e9server le choix du peuple\u00a0\u00bb. A une question sur ses pronostics concernant le taux de participation \u00e0 cette Pr\u00e9sidentielle, il a expliqu\u00e9 que l&rsquo;ANIE \u00ab\u00a0s&#8217;emploie \u00e0 convaincre les citoyens que les pratiques qui \u00e9taient \u00e0 l&rsquo;origine de son abstention seront supprim\u00e9es\u00a0\u00bb, affirmant que des \u00ab\u00a0efforts colossaux seront d\u00e9ploy\u00e9s pour le d\u00e9roulement d&rsquo;une \u00e9lection r\u00e9guli\u00e8re\u00a0\u00bb. Par ailleurs, il a annonc\u00e9 la pr\u00e9sentation, la semaine prochaine, d&rsquo;un expos\u00e9 d\u00e9taill\u00e9\u00a0\u00bb sur le fichier \u00e9lectoral national, soulignant que \u00ab\u00a0ce qui \u00e9tait consid\u00e9r\u00e9 auparavant comme impossible est devenu aujourd&rsquo;hui une r\u00e9alit\u00e9 et un acquis pour l&rsquo;Alg\u00e9rie\u00a0\u00bb.\u00a0\u00a0\u00a0\u00a0\u00a0\u00a0\u00a0\u00a0<\/div>\n<\/div>\n<p>Auteur: Nadine<br \/>\n<a href=\"https:\/\/www.reflexiondz.net\/PRESIDENTIELLE-L-ANIE-s-engage-a-garantir-une-election-reguliere-et-democratique_a58608.html\">Cliquez ici pour lire l&rsquo;article depuis sa source.<\/a><\/p>\n","protected":false},"excerpt":{"rendered":"<p>L&rsquo;Autorit\u00e9 nationale ind\u00e9pendante des \u00e9lections (ANIE) a r\u00e9affirm\u00e9, par la voix de son pr\u00e9sident Mohamed Charfi, son engagement\u00a0 \u00e0 veiller \u00e0 ce que l&rsquo;\u00e9lection pr\u00e9sidentielle, pr\u00e9vue le 12 d\u00e9cembre, soit \u00ab\u00a0r\u00e9guli\u00e8re et d\u00e9mocratique\u00a0\u00bb. Intervenant lors d&rsquo;une conf\u00e9rence de presse consacr\u00e9e \u00e0 l&rsquo;annonce de la liste des candidats \u00e0 la prochaine Pr\u00e9sidentielle, M. Charfi a indiqu\u00e9 [&hellip;]<\/p>\n","protected":false},"author":1740,"featured_media":0,"comment_status":"closed","ping_status":"closed","sticky":false,"template":"","format":"standard","meta":{"fifu_image_url":"","fifu_image_alt":"","footnotes":""},"categories":[53,76],"tags":[],"class_list":["post-66409","post","type-post","status-publish","format-standard","hentry","category-algerie","category-regions"],"_links":{"self":[{"href":"https:\/\/linitiative.ca\/International\/wp-json\/wp\/v2\/posts\/66409","targetHints":{"allow":["GET"]}}],"collection":[{"href":"https:\/\/linitiative.ca\/International\/wp-json\/wp\/v2\/posts"}],"about":[{"href":"https:\/\/linitiative.ca\/International\/wp-json\/wp\/v2\/types\/post"}],"author":[{"embeddable":true,"href":"https:\/\/linitiative.ca\/International\/wp-json\/wp\/v2\/users\/1740"}],"replies":[{"embeddable":true,"href":"https:\/\/linitiative.ca\/International\/wp-json\/wp\/v2\/comments?post=66409"}],"version-history":[{"count":0,"href":"https:\/\/linitiative.ca\/International\/wp-json\/wp\/v2\/posts\/66409\/revisions"}],"wp:attachment":[{"href":"https:\/\/linitiative.ca\/International\/wp-json\/wp\/v2\/media?parent=66409"}],"wp:term":[{"taxonomy":"category","embeddable":true,"href":"https:\/\/linitiative.ca\/International\/wp-json\/wp\/v2\/categories?post=66409"},{"taxonomy":"post_tag","embeddable":true,"href":"https:\/\/linitiative.ca\/International\/wp-json\/wp\/v2\/tags?post=66409"}],"curies":[{"name":"wp","href":"https:\/\/api.w.org\/{rel}","templated":true}]}}