{"id":66422,"date":"2019-11-03T05:00:00","date_gmt":"2019-11-03T10:00:00","guid":{"rendered":"https:\/\/linitiative.ca\/International\/defier-les-contraintes\/"},"modified":"2019-11-03T05:00:00","modified_gmt":"2019-11-03T10:00:00","slug":"defier-les-contraintes","status":"publish","type":"post","link":"https:\/\/linitiative.ca\/International\/defier-les-contraintes\/","title":{"rendered":"D\u00e9fier les contraintes !"},"content":{"rendered":"<p class=\"c3\">Quand les uns racontent l\u2019avenir vers lequel ils ont envie d\u2019aller, ceux qui portent le syst\u00e8me et n\u2019ont aucun mal \u00e0 s\u2019en revendiquer cultivent le doute, s\u00e8ment la confusion et s\u2019\u00e9puisent \u00e0 vouloir convaincre qu\u2019il y a danger \u00e0 bouleverser ce qui rel\u00e8ve de l\u2019\u00e9vidence. Tous les moyens sont bons pour faire entendre raison \u00e0 ceux qui n\u2019accordent aucun cr\u00e9dit aux revendications de la rue et \u00e0 ses r\u00e9alit\u00e9s, dont celle qui consiste \u00e0 sillonner l\u2019Alg\u00e9rie, \u00e0 marcher d\u2019un bout \u00e0 l\u2019autre du pays.\u00a0<br \/>Les initiatives ne manquent pas et, ce qui rassure \u00e0 leur propos, c\u2019est qu\u2019elles n\u2019ont rien de capricieuses. On en parle, certes, beaucoup. Mais cela ne m\u2019emp\u00eachera pas pour autant de faire pareil. Seuls ceux qui usent injustement de leur autorit\u00e9 ont le front de nier l\u2019\u00e9vidence des bouleversements qui s\u2019annoncent.\u00a0<br \/>En tout \u00e9tat de cause, ce n\u2019est pas en bridant la contestation que l\u2019on emp\u00eachera les changements audacieux\u00a0 qu\u2019elle instruit. Ceux qui persistent \u00e0 croire qu\u2019il s\u2019agit l\u00e0 d\u2019un autre d\u00e9bat s\u2019enferment dans un d\u00e9ni exasp\u00e9rant. Comment expliquer l\u2019inutile r\u00e9sistance qui leur tient de m\u00e9canisme de d\u00e9fense ? Les convaincre de la n\u00e9cessit\u00e9 de l\u00e2cher prise ? De ne pas faire de confusion entre le m\u00e9pris avec lequel sont trait\u00e9s les Alg\u00e9riens et la volont\u00e9 de perp\u00e9tuer l\u2019imp\u00e9ratif dressage de ces derniers en matant une col\u00e8re qui va grandissant ? Un lecteur m\u2019a recommand\u00e9, il y a quelques jours, de ne pas m\u2019\u00e9carter de \u00abmon domaine de pr\u00e9dilection\u00bb ! Comme je ne sais plus comment d\u00e9finir, aujourd\u2019hui, ledit domaine de pr\u00e9dilection, je me suis un peu \u00e9nerv\u00e9e et lui ai r\u00e9pondu d\u2019une fa\u00e7on pas tr\u00e8s sympathique. Presque aussit\u00f4t, j\u2019ai tent\u00e9 de corriger le tir. Trop tard, le coup \u00e9tait parti !\u00a0<br \/>Le billet qui avait fait r\u00e9agir portait sur ces hommes qui, au sein de leur couple, subissent la violence conjugale sans oser en parler. Peut-\u00eatre le lecteur en question estimait-il que le moment n\u2019\u00e9tait pas le mieux indiqu\u00e9 pour en parler parce qu\u2019il y a plus urgent ?\u00a0 Il y a toujours eu plus urgent en Alg\u00e9rie ! Comme c\u2019est d\u2019ailleurs le cas dans toute soci\u00e9t\u00e9 o\u00f9 les priorit\u00e9s sont l\u00e9gion et o\u00f9 celui qui patiente sans faire de vagues n\u2019est pas forc\u00e9ment pay\u00e9 en retour.\u00a0<br \/><em><strong>M. B.<\/strong><\/em><\/p>\n<p>Auteur:<br \/>\n<a href=\"https:\/\/www.lesoirdalgerie.com\/soit-dit-en-passant\/defier-les-contraintes-32891\">Cliquez ici pour lire l&rsquo;article depuis sa source.<\/a><\/p>\n","protected":false},"excerpt":{"rendered":"<p>Quand les uns racontent l\u2019avenir vers lequel ils ont envie d\u2019aller, ceux qui portent le syst\u00e8me et n\u2019ont aucun mal \u00e0 s\u2019en revendiquer cultivent le doute, s\u00e8ment la confusion et s\u2019\u00e9puisent \u00e0 vouloir convaincre qu\u2019il y a danger \u00e0 bouleverser ce qui rel\u00e8ve de l\u2019\u00e9vidence. Tous les moyens sont bons pour faire entendre raison \u00e0 [&hellip;]<\/p>\n","protected":false},"author":1741,"featured_media":0,"comment_status":"closed","ping_status":"closed","sticky":false,"template":"","format":"standard","meta":{"fifu_image_url":"","fifu_image_alt":"","footnotes":""},"categories":[73,53],"tags":[],"class_list":["post-66422","post","type-post","status-publish","format-standard","hentry","category-actualite","category-algerie"],"_links":{"self":[{"href":"https:\/\/linitiative.ca\/International\/wp-json\/wp\/v2\/posts\/66422","targetHints":{"allow":["GET"]}}],"collection":[{"href":"https:\/\/linitiative.ca\/International\/wp-json\/wp\/v2\/posts"}],"about":[{"href":"https:\/\/linitiative.ca\/International\/wp-json\/wp\/v2\/types\/post"}],"author":[{"embeddable":true,"href":"https:\/\/linitiative.ca\/International\/wp-json\/wp\/v2\/users\/1741"}],"replies":[{"embeddable":true,"href":"https:\/\/linitiative.ca\/International\/wp-json\/wp\/v2\/comments?post=66422"}],"version-history":[{"count":0,"href":"https:\/\/linitiative.ca\/International\/wp-json\/wp\/v2\/posts\/66422\/revisions"}],"wp:attachment":[{"href":"https:\/\/linitiative.ca\/International\/wp-json\/wp\/v2\/media?parent=66422"}],"wp:term":[{"taxonomy":"category","embeddable":true,"href":"https:\/\/linitiative.ca\/International\/wp-json\/wp\/v2\/categories?post=66422"},{"taxonomy":"post_tag","embeddable":true,"href":"https:\/\/linitiative.ca\/International\/wp-json\/wp\/v2\/tags?post=66422"}],"curies":[{"name":"wp","href":"https:\/\/api.w.org\/{rel}","templated":true}]}}