{"id":66423,"date":"2019-11-03T05:00:00","date_gmt":"2019-11-03T10:00:00","guid":{"rendered":"https:\/\/linitiative.ca\/International\/novembre\/"},"modified":"2019-11-03T05:00:00","modified_gmt":"2019-11-03T10:00:00","slug":"novembre","status":"publish","type":"post","link":"https:\/\/linitiative.ca\/International\/novembre\/","title":{"rendered":"Novembre"},"content":{"rendered":"<p class=\"c3\">On va, bien entendu, continuer \u00e0 dire qu&rsquo;une petite poign\u00e9e d&rsquo;Alg\u00e9riens \u00e9gar\u00e9s sortent le vendredi faire une balade bucolique et des comploteurs appellent\u00a0 cela une manif ! La marche du 1er Novembre, qui a impressionn\u00e9 le monde entier, est, elle aussi, r\u00e9duite \u00e0 des confettis par la t\u00e9l\u00e9 publique qui a pr\u00e9f\u00e9r\u00e9 montrer deux ou trois t\u00eates de lune en train de crier devant une cam\u00e9ra tremblotante qu&rsquo;il faut une \u00e9lection pr\u00e9sidentielle. On ne se refait pas, ouallah !<br \/><em><strong>A. T.<br \/>digoutagesoir@yahoo.fr<\/strong><\/em><\/p>\n<p>Auteur:<br \/>\n<a href=\"https:\/\/www.lesoirdalgerie.com\/digoutage\/novembre-32890\">Cliquez ici pour lire l&rsquo;article depuis sa source.<\/a><\/p>\n","protected":false},"excerpt":{"rendered":"<p>On va, bien entendu, continuer \u00e0 dire qu&rsquo;une petite poign\u00e9e d&rsquo;Alg\u00e9riens \u00e9gar\u00e9s sortent le vendredi faire une balade bucolique et des comploteurs appellent\u00a0 cela une manif ! La marche du 1er Novembre, qui a impressionn\u00e9 le monde entier, est, elle aussi, r\u00e9duite \u00e0 des confettis par la t\u00e9l\u00e9 publique qui a pr\u00e9f\u00e9r\u00e9 montrer deux ou [&hellip;]<\/p>\n","protected":false},"author":1741,"featured_media":0,"comment_status":"closed","ping_status":"closed","sticky":false,"template":"","format":"standard","meta":{"fifu_image_url":"","fifu_image_alt":"","footnotes":""},"categories":[73,53],"tags":[],"class_list":["post-66423","post","type-post","status-publish","format-standard","hentry","category-actualite","category-algerie"],"_links":{"self":[{"href":"https:\/\/linitiative.ca\/International\/wp-json\/wp\/v2\/posts\/66423","targetHints":{"allow":["GET"]}}],"collection":[{"href":"https:\/\/linitiative.ca\/International\/wp-json\/wp\/v2\/posts"}],"about":[{"href":"https:\/\/linitiative.ca\/International\/wp-json\/wp\/v2\/types\/post"}],"author":[{"embeddable":true,"href":"https:\/\/linitiative.ca\/International\/wp-json\/wp\/v2\/users\/1741"}],"replies":[{"embeddable":true,"href":"https:\/\/linitiative.ca\/International\/wp-json\/wp\/v2\/comments?post=66423"}],"version-history":[{"count":0,"href":"https:\/\/linitiative.ca\/International\/wp-json\/wp\/v2\/posts\/66423\/revisions"}],"wp:attachment":[{"href":"https:\/\/linitiative.ca\/International\/wp-json\/wp\/v2\/media?parent=66423"}],"wp:term":[{"taxonomy":"category","embeddable":true,"href":"https:\/\/linitiative.ca\/International\/wp-json\/wp\/v2\/categories?post=66423"},{"taxonomy":"post_tag","embeddable":true,"href":"https:\/\/linitiative.ca\/International\/wp-json\/wp\/v2\/tags?post=66423"}],"curies":[{"name":"wp","href":"https:\/\/api.w.org\/{rel}","templated":true}]}}