{"id":66424,"date":"2019-11-03T02:29:40","date_gmt":"2019-11-03T07:29:40","guid":{"rendered":"https:\/\/linitiative.ca\/International\/soulaima-gourani-je-suis-fiere-detre-la-premiere-marocaine-nominee-au-top-50-des-penseurs-mondiaux\/"},"modified":"2019-11-03T02:29:40","modified_gmt":"2019-11-03T07:29:40","slug":"soulaima-gourani-je-suis-fiere-detre-la-premiere-marocaine-nominee-au-top-50-des-penseurs-mondiaux","status":"publish","type":"post","link":"https:\/\/linitiative.ca\/International\/soulaima-gourani-je-suis-fiere-detre-la-premiere-marocaine-nominee-au-top-50-des-penseurs-mondiaux\/","title":{"rendered":"Soulaima Gourani : \u00abJe suis fi\u00e8re d\u2019\u00eatre la premi\u00e8re marocaine nomin\u00e9e au Top 50 des penseurs mondiaux\u00bb"},"content":{"rendered":"<p><strong>Soulaima Gourani est une maroco-danoise originaire de la ville de Safi, conseill\u00e8re aupr\u00e8s de multinationales, conf\u00e9renci\u00e8re internationale\u00a0et \u00e9crivaine de renomm\u00e9e mondiale. Sa vie n\u2019a pas \u00e9t\u00e9 un grand fleuve tranquille. Elle est l\u2019illustration parfaite de la femme battante qui transforme l\u2019\u00e9chec en succ\u00e8s. Dans cet entretien exclusif, elle revient sur son parcours et ses combats et pr\u00e9sente sa vision de son Maroc natal.\u00a0\u00a0<\/strong><\/p>\n<div class=\"c10\"\/>\n<p><a rel=\"noreferrer noopener\" target=\"_blank\" href=\"http:\/\/challenge.ma\/\"><strong>challenge.ma<\/strong><\/a><strong>\u00a0: Vous \u00eates n\u00e9e dans la ville marocaine de Safi en 1975 et avez \u00e9migr\u00e9 au Danemark avec votre famille, vous avez v\u00e9cu des exp\u00e9riences terribles mais vous n\u2019avez jamais abandonn\u00e9. Aujourd\u2019hui, vous \u00eates mondialement connue, reconnue\u00a0 et appr\u00e9ci\u00e9e, votre commentaire?<\/strong><\/p>\n<p><strong>Soulaima Gourani\u00a0:<\/strong> Je suis d\u00e9sign\u00e9e comme l\u2019une des femmes les plus influentes du monde parmi les \u00ab40 premi\u00e8res europ\u00e9ennes de moins de 40 ans, leader mondial par le Forum \u00e9conomique mondial de <a href=\"https:\/\/www.youtube.com\/watch?v=38t2n-ARBD4\">Davos<\/a> et membre du groupe Thinkers50 2019, mais je me consid\u00e8re surtout comme une m\u00e8re qui travaille et une entrepreneure dont l\u2019histoire t\u00e9moigne du\u00a0fait que les immigrantes ne doivent pas \u00eatre n\u00e9glig\u00e9es ou ne pas avoir \u00e0 choisir entre avoir une famille ou une carri\u00e8re.<\/p>\n<p>Apr\u00e8s avoir \u00e9t\u00e9 licenci\u00e9e alors que j\u2019\u00e9tais enceinte, j\u2019ai pris le contr\u00f4le de ma carri\u00e8re et je suis devenue\u00a0auteure \u00e0 succ\u00e8s, conf\u00e9renci\u00e8re et conseill\u00e8re mondiale pour de grandes entreprises telles que Microsoft, Dell, Samsung et BMW.\u00a0Aujourd\u2019hui, je suis cofondatrice de <a href=\"https:\/\/womenreignite.com\/home\">Women Reignite<\/a>, une universit\u00e9 en ligne bas\u00e9e \u00e0 Silicon Valley pour les femmes et\u00a0qui enseigne le design et la qualit\u00e9 de vie.<\/p>\n<p><strong>Que propose votre universit\u00e9 ?<\/strong><\/p>\n<p>Women Reignite propose des outils de d\u00e9veloppement de carri\u00e8re de vie accessibles et abordables \u00e0 des millions de femmes, via une application en ligne et qui n\u2019ont pas acc\u00e8s \u00e0 des techniques \u00e9prouv\u00e9es, des mentors inspirants ou des mod\u00e8les. Je consacre ma vie \u00e0 aider les femmes \u00e0 s\u2019\u00e9lever.<\/p>\n<p><strong>Vous \u00eates\u00a0strat\u00e9giste, auteure prolifique de livres \u00e0 succ\u00e8s, le dernier en date est \u00ab\u00a0<\/strong><a href=\"https:\/\/bookboon.com\/en\/how-to-turn-customers-into-fans-ebook\"><strong>Comment transformer vos clients en fans<\/strong><\/a><strong>\u00ab\u00a0, alors pouvez-vous nous expliquer comment?<\/strong><\/p>\n<p>Je suis tr\u00e8s fi\u00e8re d\u2019\u00eatre une excellente vendeuse, mais je sais que la plupart des gens n\u2019ont jamais appris les rudiments de la vente. C\u2019est vraiment dommage. De nombreuses entreprises en d\u00e9marrage ne disposent pas de fonctions de vente importantes ou ne leur accordent tout simplement pas l\u2019attention, les efforts et le respect requis.<\/p>\n<p>Quand les start-ups me demandent \u00abComment peut-on r\u00e9ussir et conna\u00eetre le succ\u00e8s?\u00bb, je leur dis toujours: \u00abAllez trouver des clients\u00bb. Les ventes sont un\u00a0tout. Etre un bon vendeur est une comp\u00e9tence cl\u00e9 que vous pouvez utiliser dans tous les domaines de la vie. J\u2019ai travaill\u00e9 dans plus de trente-cinq pays et je suis auteure de trois livres, ainsi que contributrice\u00a0\u00e0 plus de seize autres livres. Beaucoup de gens n\u2019aiment pas l\u2019id\u00e9e de vendre, persuader et influencer, mais cela fait partie de la plupart des descriptions de travail. Peu importe ce que vous faites dans la vie, ces comp\u00e9tences sont essentielles \u00e0 votre r\u00e9ussite future. Croyez-moi, sans ces comp\u00e9tences, vous ne r\u00e9ussirez pas.<\/p>\n<p>A ce stade de l\u2019histoire, les choses changent rapidement, notamment en ce qui concerne les \u00e9changes commerciaux. Plus que jamais, vous devez \u00eatre capable de travailler avec et de prosp\u00e9rer dans des organisations complexes et vous devez \u00e9tablir des relations durables avec vos clients et partenaires. Nos fa\u00e7ons de travailler ensemble sont mises \u00e0 l\u2019\u00e9preuve. Notre travail va du type physiquement visible et mesurable au type plus abstrait et invisible qui se d\u00e9roule souvent dans nos t\u00eates.<\/p>\n<p><strong>Vous \u00eates speaker de conf\u00e9rence\u00a0assurant\u00a0pr\u00e8s de\u00a0200 conf\u00e9rences par an \u00e0 travers le monde. Vous\u00a0 travaillez et conseillez des clients majeurs. Comment parvenez-vous \u00e0 combiner tout cela avec ce qu\u2019il reste \u00e0 votre famille en termes de temps?<\/strong><\/p>\n<p>Etre capable de parler en public est une comp\u00e9tence dont tout le monde peut tirer parti; obtenir\u00a0de meilleures notes, un meilleur salaire et la carri\u00e8re que vous m\u00e9ritez. Tout le monde m\u00e9rite une bonne vie professionnelle et le fait de pouvoir communiquer de mani\u00e8re amusante et efficace peut \u00eatre un moyen d\u2019ouvrir de nombreuses portes. Etre orateur n\u00e9cessite des d\u00e9placements. Mais je parle aussi beaucoup en ligne. Gr\u00e2ce \u00e0 la technologie, je peux transmettre mes interventions en direct ici, de Palo Alto, partout dans le monde. J\u2019ai r\u00e9duit mes voyages, de cette fa\u00e7on, de 70%.<\/p>\n<p><strong>Quelle est votre devise dans la vie?<\/strong><\/p>\n<p>L\u2019histoire de ma vie est bas\u00e9e sur la citation: \u00ab\u00a0Pour \u00eatre vraiment heureux, vous devez \u00eatre activement impliqu\u00e9 dans l\u2019orientation de votre vie.\u00a0\u00bb<\/p>\n<p><strong>Si je vous dis le Maroc, qu\u2019est-ce que cela \u00e9voque pour vous et comment le voyez-vous aujourd\u2019hui?<\/strong><\/p>\n<p>J\u2019y vais pour donner des conf\u00e9rences et ma famille y vit toujours et certains de mes meilleurs amis sont l\u00e0-bas. J\u2019aime mon pays et je me consid\u00e8re marocaine ET danoise. Je vois le Maroc plein de potentiel!<\/p>\n<p><strong>Quel est le meilleur conseil que Soulaima puisse donner aux femmes d\u2019affaires marocaines?<\/strong><\/p>\n<p>Nous voyons beaucoup plus de femmes d\u2019affaires marocaines. Nous verrons beaucoup plus de programmes d\u2019entreprises offrant et promouvant l\u2019esprit d\u2019entreprise des femmes et leur participation aux affaires. Cependant, elles n\u2019ont pas \u00e0 attendre que quelqu\u2019un les trouve; elles\u00a0 peuvent commencer quelque chose elles-m\u00eames. La technologie offre aujourd\u2019hui aux femmes l\u2019acc\u00e8s \u00e0 des millions de cours en ligne, gratuitement ou \u00e0 faible co\u00fbt. Les femmes du monde entier peuvent en \u00eatre inspir\u00e9es, peu importe o\u00f9 elles vivent.<\/p>\n<p><strong>Aujourd\u2019hui, le Maroc\u00a0est \u00e0 la recherche d\u2019un nouveau mod\u00e8le, quelle serait votre id\u00e9e ou recommandation \u00e0 ce sujet?<\/strong><\/p>\n<p>Nous devons nous assurer que les programmes du Maroc pour la croissance nationale et le d\u00e9veloppement par la participation des populations sont tous orchestr\u00e9s pour assurer l\u2019autonomisation des femmes et des jeunes. Ce doit \u00eatre un objectif que chaque Marocain r\u00e9alise ses objectifs individuels. L\u2019avenir du travail\u00a0 changera globalement notre fa\u00e7on de travailler, au Maroc \u00e9galement. L\u2019\u00e9volution rapide de la technologie, du climat et de l\u2019int\u00e9gration \u00e9conomique mondiale transforme le monde du travail d\u2019une mani\u00e8re que nous ne comprenons pas encore parfaitement.<\/p>\n<p><strong>Vous avez \u00e9t\u00e9 distingu\u00e9e \u00e0 plusieurs reprises et, aujourd\u2019hui, vous \u00eates \u00e9galement s\u00e9lectionn\u00e9e pour le Top50 des penseurs\u00a0 du monde qui se d\u00e9roulera \u00e0 Londres en ce mois de novembre. Quel sera effet sur vous ?<\/strong><\/p>\n<p>Je suis fi\u00e8re d\u2019\u00eatre la premi\u00e8re et la seule femme marocaine \u00e0 \u00eatre nomin\u00e9e, mais mon objectif n\u2019est pas d\u2019\u00eatre la derni\u00e8re.<\/p>\n<p><strong>Le Maroc conna\u00eet depuis quelque temps un vif et\u00a0grand d\u00e9bat soci\u00e9tal sur la situation de la femme \u00e0 la lumi\u00e8re de certains \u00e9v\u00e9nements douloureux dont elle est victime. Dernier en date, l\u2019affaire de la journaliste\u00a0Hajar Raissouni, accus\u00e9e\u00a0\u00a0d\u2019avortement et condamn\u00e9e \u00e0 un an de prison (NDLR : elle a \u00e9t\u00e9 graci\u00e9e par le Roi Mohammed VI ainsi que son fianc\u00e9 et l\u2019\u00e9quipe m\u00e9dicale), quelle est votre grille de lecture et votre position?<\/strong><\/p>\n<p>Je suis une femme et\u00a0m\u00e8re d\u2019une fille. Je suis conseill\u00e8re d\u2019ONU Femmes (ONU Femmes \u2013 Entit\u00e9 des Nations Unies pour l\u2019\u00e9galit\u00e9 des sexes et l\u2019autonomisation des femmes) et ardente d\u00e9fenseur de l\u2019Objectif de d\u00e9veloppement durable n \u00b0 5 = \u00e9galit\u00e9 des sexes et autonomisation de toutes les femmes et de toutes les filles. Nous devons \u00e9liminer toutes les formes de discrimination \u00e0 l\u2019\u00e9gard des femmes et des filles partout dans le monde. Chaque jour, je fais ce que je peux pour promouvoir l\u2019autonomisation des femmes. Toute forme de violence d\u00e9truit la dignit\u00e9 des femmes. Ce sujet reste largement tabou au Maroc. Finissons-en!<\/p>\n<div class=\"c17\">\n<fieldset class=\"c16\">\n<legend><strong><span class=\"c11\">Challenge<\/span><span class=\"c12\">news<\/span><\/strong><\/legend>\n<div class=\"c15\">Le meilleur de la r\u00e9daction s\u00e9lectionn\u00e9 par Challenge :<\/p>\n<\/div>\n<\/fieldset>\n<\/div>\n<p>Auteur: Noureddine Boughanmi<br \/>\n<a href=\"https:\/\/www.challenge.ma\/soulaima-gourani-je-suis-fiere-detre-la-premiere-marocaine-nominee-au-top-50-des-penseurs-mondiaux-122117\/\">Cliquez ici pour lire l&rsquo;article depuis sa source.<\/a><\/p>\n","protected":false},"excerpt":{"rendered":"<p>Soulaima Gourani est une maroco-danoise originaire de la ville de Safi, conseill\u00e8re aupr\u00e8s de multinationales, conf\u00e9renci\u00e8re internationale\u00a0et \u00e9crivaine de renomm\u00e9e mondiale. Sa vie n\u2019a pas \u00e9t\u00e9 un grand fleuve tranquille. Elle est l\u2019illustration parfaite de la femme battante qui transforme l\u2019\u00e9chec en succ\u00e8s. Dans cet entretien exclusif, elle revient sur son parcours et ses combats [&hellip;]<\/p>\n","protected":false},"author":1787,"featured_media":0,"comment_status":"closed","ping_status":"closed","sticky":false,"template":"","format":"standard","meta":{"fifu_image_url":"","fifu_image_alt":"","footnotes":""},"categories":[78,54],"tags":[],"class_list":["post-66424","post","type-post","status-publish","format-standard","hentry","category-economie","category-maroc"],"_links":{"self":[{"href":"https:\/\/linitiative.ca\/International\/wp-json\/wp\/v2\/posts\/66424","targetHints":{"allow":["GET"]}}],"collection":[{"href":"https:\/\/linitiative.ca\/International\/wp-json\/wp\/v2\/posts"}],"about":[{"href":"https:\/\/linitiative.ca\/International\/wp-json\/wp\/v2\/types\/post"}],"author":[{"embeddable":true,"href":"https:\/\/linitiative.ca\/International\/wp-json\/wp\/v2\/users\/1787"}],"replies":[{"embeddable":true,"href":"https:\/\/linitiative.ca\/International\/wp-json\/wp\/v2\/comments?post=66424"}],"version-history":[{"count":0,"href":"https:\/\/linitiative.ca\/International\/wp-json\/wp\/v2\/posts\/66424\/revisions"}],"wp:attachment":[{"href":"https:\/\/linitiative.ca\/International\/wp-json\/wp\/v2\/media?parent=66424"}],"wp:term":[{"taxonomy":"category","embeddable":true,"href":"https:\/\/linitiative.ca\/International\/wp-json\/wp\/v2\/categories?post=66424"},{"taxonomy":"post_tag","embeddable":true,"href":"https:\/\/linitiative.ca\/International\/wp-json\/wp\/v2\/tags?post=66424"}],"curies":[{"name":"wp","href":"https:\/\/api.w.org\/{rel}","templated":true}]}}