{"id":66430,"date":"2019-11-03T15:47:27","date_gmt":"2019-11-03T20:47:27","guid":{"rendered":"https:\/\/linitiative.ca\/International\/tunisie-arrestation-de-neuf-individus-setant-infiltres-dans-le-port-commercial-de-la-goulette\/"},"modified":"2019-11-03T15:47:27","modified_gmt":"2019-11-03T20:47:27","slug":"tunisie-arrestation-de-neuf-individus-setant-infiltres-dans-le-port-commercial-de-la-goulette","status":"publish","type":"post","link":"https:\/\/linitiative.ca\/International\/tunisie-arrestation-de-neuf-individus-setant-infiltres-dans-le-port-commercial-de-la-goulette\/","title":{"rendered":"Tunisie \u2013 Arrestation de neuf individus s\u2019\u00e9tant infiltr\u00e9s dans le port commercial de La goulette"},"content":{"rendered":"<div class=\"post-cont-in left relative\">\n<div class=\"swp_social_panel swp_horizontal_panel swp_flat_fresh swp_default_full_color swp_individual_full_color swp_other_full_color scale-100 scale-\" data-min-width=\"1100\" data-float-color=\"#ffffff\" data-float=\"none\" data-float-mobile=\"none\" data-transition=\"slide\">\n<div class=\"nc_tweetContainer swp_share_button total_shares total_sharesalt\"><span class=\"swp_count\">17 <span class=\"swp_label\">Partages<\/span><\/span><\/div>\n<\/div>\n<p>Les autorit\u00e9s s\u00e9curitaires ont annonc\u00e9 l\u2019arrestation, hier, samedi, de neuf jeunes s\u2019\u00e9tant infiltr\u00e9s dans les espaces du port commercial de La goulette, avec l\u2019intention de se cacher dans un navire \u00e0 destination de l\u2019Europe.<\/p>\n<div class=\"code-block code-block-1 c3\"><ins class=\"adsbygoogle c2\" data-ad-layout=\"in-article\" data-ad-format=\"fluid\" data-ad-client=\"ca-pub-2102118777505746\" data-ad-slot=\"7301775417\"\/> <\/div>\n<p>Ils ont \u00e9t\u00e9 pr\u00e9sent\u00e9s au parquet avec l\u2019inculpation de formation d\u2019un gang visant l\u2019organisation d\u2019une op\u00e9ration d\u2019\u00e9migration clandestine.<\/p>\n<div class=\"code-block code-block-2 c3\"><ins class=\"adsbygoogle c2\" data-ad-layout=\"in-article\" data-ad-format=\"fluid\" data-ad-client=\"ca-pub-2102118777505746\" data-ad-slot=\"7301775417\"\/> <\/div>\n<p><strong>Que se passe-t-il en Tunisie?<\/strong><br \/>Nous expliquons sur notre <a href=\"https:\/\/www.youtube.com\/channel\/UCRzypVq0B_yBad5eGrwBx0Q?sub_confirmation=1\" target=\"_blank\" rel=\"noopener noreferrer\">cha\u00eene YouTube<\/a> . <a href=\"https:\/\/www.youtube.com\/channel\/UCRzypVq0B_yBad5eGrwBx0Q?sub_confirmation=1\" target=\"_blank\" rel=\"noopener noreferrer\">Abonnez-vous!<\/a><\/p>\n<div class=\"mvp-org-wrap mvp-org-logo\" itemprop=\"publisher\" itemscope=\"\" itemtype=\"https:\/\/schema.org\/Organization\"><img decoding=\"async\" src=\"https:\/\/www.tunisienumerique.com\/wp-content\/uploads\/2017\/02\/logo_tunisie_numerique.png\"\/><\/div>\n<div class=\"swp_social_panel swp_horizontal_panel swp_flat_fresh swp_default_full_color swp_individual_full_color swp_other_full_color scale-100 scale-\" data-min-width=\"1100\" data-float-color=\"#ffffff\" data-float=\"none\" data-float-mobile=\"none\" data-transition=\"slide\">\n<div class=\"nc_tweetContainer swp_share_button total_shares total_sharesalt\"><span class=\"swp_count\">17 <span class=\"swp_label\">Partages<\/span><\/span><\/div>\n<\/div>\n<div class=\"mvp-related-posts left relative\">\n<h4 class=\"post-header\"><span class=\"post-header\">Lire aussi<\/span><\/h4>\n<\/div>\n<\/div>\n<p>Auteur: LM<br \/>\n<a href=\"https:\/\/www.tunisienumerique.com\/tunisie-arrestation-de-neuf-individus-setant-infiltres-dans-le-port-commercial-de-la-goulette\/\">Cliquez ici pour lire l&rsquo;article depuis sa source.<\/a><\/p>\n","protected":false},"excerpt":{"rendered":"<p>17 Partages Les autorit\u00e9s s\u00e9curitaires ont annonc\u00e9 l\u2019arrestation, hier, samedi, de neuf jeunes s\u2019\u00e9tant infiltr\u00e9s dans les espaces du port commercial de La goulette, avec l\u2019intention de se cacher dans un navire \u00e0 destination de l\u2019Europe. Ils ont \u00e9t\u00e9 pr\u00e9sent\u00e9s au parquet avec l\u2019inculpation de formation d\u2019un gang visant l\u2019organisation d\u2019une op\u00e9ration d\u2019\u00e9migration clandestine. Que [&hellip;]<\/p>\n","protected":false},"author":1789,"featured_media":66431,"comment_status":"closed","ping_status":"closed","sticky":false,"template":"","format":"standard","meta":{"fifu_image_url":"","fifu_image_alt":"","footnotes":""},"categories":[73,55],"tags":[],"class_list":["post-66430","post","type-post","status-publish","format-standard","has-post-thumbnail","hentry","category-actualite","category-tunisie"],"_links":{"self":[{"href":"https:\/\/linitiative.ca\/International\/wp-json\/wp\/v2\/posts\/66430","targetHints":{"allow":["GET"]}}],"collection":[{"href":"https:\/\/linitiative.ca\/International\/wp-json\/wp\/v2\/posts"}],"about":[{"href":"https:\/\/linitiative.ca\/International\/wp-json\/wp\/v2\/types\/post"}],"author":[{"embeddable":true,"href":"https:\/\/linitiative.ca\/International\/wp-json\/wp\/v2\/users\/1789"}],"replies":[{"embeddable":true,"href":"https:\/\/linitiative.ca\/International\/wp-json\/wp\/v2\/comments?post=66430"}],"version-history":[{"count":0,"href":"https:\/\/linitiative.ca\/International\/wp-json\/wp\/v2\/posts\/66430\/revisions"}],"wp:featuredmedia":[{"embeddable":true,"href":"https:\/\/linitiative.ca\/International\/wp-json\/"}],"wp:attachment":[{"href":"https:\/\/linitiative.ca\/International\/wp-json\/wp\/v2\/media?parent=66430"}],"wp:term":[{"taxonomy":"category","embeddable":true,"href":"https:\/\/linitiative.ca\/International\/wp-json\/wp\/v2\/categories?post=66430"},{"taxonomy":"post_tag","embeddable":true,"href":"https:\/\/linitiative.ca\/International\/wp-json\/wp\/v2\/tags?post=66430"}],"curies":[{"name":"wp","href":"https:\/\/api.w.org\/{rel}","templated":true}]}}