{"id":66436,"date":"2019-11-03T16:17:53","date_gmt":"2019-11-03T21:17:53","guid":{"rendered":"https:\/\/linitiative.ca\/International\/afrique-du-sud-championne-du-monde-de-rugbyune-couronne-ternie-par-la-xenophobie\/"},"modified":"2019-11-03T16:17:53","modified_gmt":"2019-11-03T21:17:53","slug":"afrique-du-sud-championne-du-monde-de-rugbyune-couronne-ternie-par-la-xenophobie","status":"publish","type":"post","link":"https:\/\/linitiative.ca\/International\/afrique-du-sud-championne-du-monde-de-rugbyune-couronne-ternie-par-la-xenophobie\/","title":{"rendered":"AFRIQUE DU SUD, CHAMPIONNE DU MONDE DE RUGBY:Une couronne ternie par la x\u00e9nophobie"},"content":{"rendered":"<div class=\"stream-item stream-item-above-post-content\">\n<p><noscript><\/p>\n<p><a href=\"\/\/www3.smartadserver.com\/ac?jump=1&#038;nwid=2136&#038;siteid=240610&#038;pgname=rg&#038;fmtid=49046&#038;visit=m&#038;tmstp=[timestamp]&#038;out=nonrich\" target=\"_blank\" rel=\"noopener noreferrer\"><img decoding=\"async\" src=\"\/\/www3.smartadserver.com\/ac?out=nonrich&#038;nwid=2136&#038;siteid=240610&#038;pgname=rg&#038;fmtid=49046&#038;visit=m&#038;tmstp=[timestamp]\" border=\"0\" alt=\"\"\/><\/a><\/p>\n<p><\/noscript><\/div>\n<p class=\"c3\">Dans la matin\u00e9e du samedi 2 novembre 2019, des milliers de Sud-africains noirs et blancs, devant leur poste t\u00e9l\u00e9viseur, et d\u2019autres rassembl\u00e9s dans la superbe enceinte du stade de Yokohama au Japon, ont suivi avant de c\u00e9l\u00e9brer avec joie, le troisi\u00e8me sacre des <em>Springboks<\/em>, l\u2019\u00e9quipe nationale d\u2019Afrique du Sud, \u00e0 la coupe du monde de rugby, un sport qui \u00e9tait exclusivement r\u00e9serv\u00e9 aux Blancs de ce pays sous le r\u00e9gime s\u00e9gr\u00e9gationniste. Une victoire obtenue devant le XV de la Rose, la formation anglaise. Une nouvelle date historique pour la nation arc-en-ciel puisque, comme ce fut le cas en 1995 avec le premier sacre mondial de l\u2019Afrique du Sud, puis en 2007, ce troisi\u00e8me succ\u00e8s rassemble tout un peuple sous un m\u00eame drapeau.<\/p>\n<p class=\"c3\">En 1995, un an apr\u00e8s la fin de l\u2019apartheid, les <em>Springboks<\/em> remportaient leur premier titre mondial et c\u2019est le \u00a0premier pr\u00e9sident noir d\u2019Afrique du Sud, Nelson Mandela, qui remettait le troph\u00e9e au capitaine Fran\u00e7ois Pienaar, un Sud-africain d\u2019origine afrikaner. Si les Sud- africains de couleur blanche se sont toujours succ\u00e9d\u00e9 au capitanat, vingt-quatre ann\u00e9es apr\u00e8s, soit pr\u00e8s d\u2019un quart de si\u00e8cle, c\u2019est un premier capitaine noir, Siya Kolisi, qui brandit, pour la toute premi\u00e8re fois, le troph\u00e9e mondial de rugby. Tout un symbole. Comme quoi, il \u00a0n\u2019y a pas de couleur, de race, pour d\u00e9fendre les couleurs d\u2019une nation. Le rugby vient ainsi d\u2019exprimer la puissance du sport lorsqu\u2019il s\u2019agit de rassembler les fils d\u2019un m\u00eame pays sans distinction de couleur ni de race. Ainsi, le rugby, autrefois l\u2019un des symboles de l\u2019apartheid, marque aujourd\u2019hui le triomphe de l\u2019union sur les s\u00e9gr\u00e9gations.<\/p>\n<p class=\"c3\"><strong>De sa tombe, Nelson Mandela doit se r\u00e9jouir mais, en m\u00eame temps, s\u2019attrister de voir son h\u00e9ritage vendang\u00e9 par les incessantes chasses \u00e0 l\u2019homme<\/strong><\/p>\n<p class=\"c3\">Ce titre mondial est \u00a0une belle revanche \u00a0pour cette \u00e9quipe mixte qui a su donner une fantastique r\u00e9ponse \u00e0 la difficile histoire de ce pays. En \u00a0plus de la qualit\u00e9 que les <em>Springboks<\/em> ont \u00e0 revendre, il leur fallait de la motivation, ce qui n\u2019a pas fait d\u00e9faut. Mais, au firmament de la gloire, la\u00a0 nation arc-en-ciel doit \u00e0 pr\u00e9sent combattre un d\u00e9mon\u00a0: cette nouvelle forme d\u2019apartheid qui n\u2019est autre que la x\u00e9nophobie, marqu\u00e9e par les violences racistes qui s\u2019abattent sur d\u2019autres Africains vivant ces derni\u00e8res ann\u00e9es en Afrique du Sud. Ce qui ternit la couronne obtenue par la nation arc-en-ciel. De sa tombe, Nelson Mandela doit se r\u00e9jouir de ce troisi\u00e8me sacre mondial mais, en m\u00eame temps, \u00a0s\u2019attrister de voir son h\u00e9ritage vendang\u00e9 par\u00a0 \u00a0les incessantes chasses \u00e0 l\u2019homme \u00a0pratiqu\u00e9es sur des \u00e9trangers africains et qui n\u2019honorent pas du tout cette nation.<\/p>\n<p class=\"c3\"><strong>\u00a0<\/strong><\/p>\n<p class=\"c3\"><strong>Antoine BATTIONO \u00a0\u00a0\u00a0<\/strong><\/p>\n<p class=\"c3\"><strong>\u00a0<\/strong><\/p>\n<p>Auteur: Le Pays<br \/>\n<a href=\"http:\/\/lepays.bf\/afrique-du-sud-championne-du-monde-de-rugbyune-couronne-ternie-par-la-xenophobie\/\">Cliquez ici pour lire l&rsquo;article depuis sa source.<\/a><\/p>\n","protected":false},"excerpt":{"rendered":"<p>Dans la matin\u00e9e du samedi 2 novembre 2019, des milliers de Sud-africains noirs et blancs, devant leur poste t\u00e9l\u00e9viseur, et d\u2019autres rassembl\u00e9s dans la superbe enceinte du stade de Yokohama au Japon, ont suivi avant de c\u00e9l\u00e9brer avec joie, le troisi\u00e8me sacre des Springboks, l\u2019\u00e9quipe nationale d\u2019Afrique du Sud, \u00e0 la coupe du monde de [&hellip;]<\/p>\n","protected":false},"author":1813,"featured_media":0,"comment_status":"closed","ping_status":"closed","sticky":false,"template":"","format":"standard","meta":{"fifu_image_url":"","fifu_image_alt":"","footnotes":""},"categories":[73,81],"tags":[],"class_list":["post-66436","post","type-post","status-publish","format-standard","hentry","category-actualite","category-burkina-faso"],"_links":{"self":[{"href":"https:\/\/linitiative.ca\/International\/wp-json\/wp\/v2\/posts\/66436","targetHints":{"allow":["GET"]}}],"collection":[{"href":"https:\/\/linitiative.ca\/International\/wp-json\/wp\/v2\/posts"}],"about":[{"href":"https:\/\/linitiative.ca\/International\/wp-json\/wp\/v2\/types\/post"}],"author":[{"embeddable":true,"href":"https:\/\/linitiative.ca\/International\/wp-json\/wp\/v2\/users\/1813"}],"replies":[{"embeddable":true,"href":"https:\/\/linitiative.ca\/International\/wp-json\/wp\/v2\/comments?post=66436"}],"version-history":[{"count":0,"href":"https:\/\/linitiative.ca\/International\/wp-json\/wp\/v2\/posts\/66436\/revisions"}],"wp:attachment":[{"href":"https:\/\/linitiative.ca\/International\/wp-json\/wp\/v2\/media?parent=66436"}],"wp:term":[{"taxonomy":"category","embeddable":true,"href":"https:\/\/linitiative.ca\/International\/wp-json\/wp\/v2\/categories?post=66436"},{"taxonomy":"post_tag","embeddable":true,"href":"https:\/\/linitiative.ca\/International\/wp-json\/wp\/v2\/tags?post=66436"}],"curies":[{"name":"wp","href":"https:\/\/api.w.org\/{rel}","templated":true}]}}