{"id":66437,"date":"2019-11-03T16:24:20","date_gmt":"2019-11-03T21:24:20","guid":{"rendered":"https:\/\/linitiative.ca\/International\/crise-institutionnelle-en-guinee-bissaula-cedeao-joue-sa-credibilite\/"},"modified":"2019-11-03T16:24:20","modified_gmt":"2019-11-03T21:24:20","slug":"crise-institutionnelle-en-guinee-bissaula-cedeao-joue-sa-credibilite","status":"publish","type":"post","link":"https:\/\/linitiative.ca\/International\/crise-institutionnelle-en-guinee-bissaula-cedeao-joue-sa-credibilite\/","title":{"rendered":"CRISE INSTITUTIONNELLE EN GUINEE-BISSAU:La CEDEAO joue sa cr\u00e9dibilit\u00e9"},"content":{"rendered":"<div class=\"stream-item stream-item-above-post-content\">\n<p><noscript><\/p>\n<p><a href=\"\/\/www3.smartadserver.com\/ac?jump=1&#038;nwid=2136&#038;siteid=240610&#038;pgname=rg&#038;fmtid=49046&#038;visit=m&#038;tmstp=[timestamp]&#038;out=nonrich\" target=\"_blank\" rel=\"noopener noreferrer\"><img decoding=\"async\" src=\"\/\/www3.smartadserver.com\/ac?out=nonrich&#038;nwid=2136&#038;siteid=240610&#038;pgname=rg&#038;fmtid=49046&#038;visit=m&#038;tmstp=[timestamp]\" border=\"0\" alt=\"\"\/><\/a><\/p>\n<p><\/noscript><\/div>\n<p class=\"c3\">La Guin\u00e9e-Bissau traverse encore une grave crise. En effet,\u00a0 \u00e0 moins d\u2019un mois de la pr\u00e9sidentielle du 24 novembre, le pays a deux Premiers ministres et deux gouvernements. Il s\u2019agit de celui d\u2019Aristide Gomes, limog\u00e9 par le pr\u00e9sident mais qui refuse de d\u00e9barrasser le plancher parce qu\u2019estimant que son limogeage est ill\u00e9gal, et de celui de Faustino Imbali, nomm\u00e9 le 31 octobre dernier, par le pr\u00e9sident Jos\u00e9 Mario Vaz et dont l\u2019\u00e9quipe a <em>illico presto<\/em>, pr\u00eat\u00e9 serment. Et c\u2019est dans cet imbroglio politique que la campagne \u00e9lectorale pour la pr\u00e9sidentielle, a \u00e9t\u00e9 ouverte, le 2 novembre dernier.<\/p>\n<p class=\"c3\">Le moins que l\u2019on puisse dire, c\u2019est que le pr\u00e9sident Vaz aurait voulu une crise institutionnelle au sommet de l\u2019Ex\u00e9cutif qu\u2019il ne s\u2019y serait pas pris autrement. Si sa volont\u00e9 est de donner du grain \u00e0 moudre \u00e0 la CEDEAO, il aura r\u00e9ussi son coup puisque cette institution ouest-africaine s\u2019est vue oblig\u00e9e de d\u00e9p\u00eacher une d\u00e9l\u00e9gation en Guin\u00e9e-Bissau pour jouer les m\u00e9diateurs. Et en attendant de conna\u00eetre les conclusions de la mission de la CEDEAO qui doit se montrer \u00a0ferme, l\u2019on ne peut s\u2019emp\u00eacher de d\u00e9noncer l\u2019ingratitude du pr\u00e9sident Vaz envers l\u2019organisation r\u00e9gionale. Car, s\u2019il est toujours aux affaires, c\u2019est bien gr\u00e2ce \u00e0 la CEDEAO puisque son mandat a expir\u00e9 depuis juin 2019.\u00a0 Mais n\u2019ayant pas voulu qu\u2019une transition vienne compliquer la situation qui n\u2019est d\u00e9j\u00e0 pas facile pour les Bissau-Guin\u00e9ens, l\u2019instutiton ouest-africaine a d\u00e9cid\u00e9 de prolonger son mandat \u00e0 la t\u00eate de l\u2019Etat tout en r\u00e9duisant ses pouvoirs. Et au lieu de lui \u00eatre reconnaissant, le pr\u00e9sident \u00a0a plut\u00f4t opt\u00e9 pour la fuite en avant.<\/p>\n<p class=\"c3\">En tout cas, c\u2019est un v\u00e9ritable pied de nez que Jos\u00e9 Mario Vaz vient de faire \u00e0 la CEDEAO en nommant\u00a0 un homme-lige pour diriger la nouvelle \u00e9quipe gouvernementale charg\u00e9e d\u2019organiser les \u00e9lections. Sans doute le fait-il pour se donner plus de chances de remporter la pr\u00e9sidentielle en candidat libre, puisqu\u2019il n\u2019est plus soutenu par le Parti africain pour l\u2019ind\u00e9pendance de la Guin\u00e9e et du Cap vert (PAIGC) sous la banni\u00e8re duquel il avait brigu\u00e9 la magistrature supr\u00eame en 2014.<\/p>\n<p class=\"c3\"><strong>Il faut contraindre la Guin\u00e9e- Bissau \u00e0 marcher sur le chemin de la d\u00e9mocratie<\/strong><\/p>\n<p class=\"c3\">Cela dit, en multipliant les crises au sommet de l\u2019Etat, Vaz pousse dangereusement son pays vers le pr\u00e9cipice.\u00a0 Cela d\u2019autant plus que la Guin\u00e9e-Bissau n\u2019est pas un pays comme les autres. En tout cas, c\u2019est un Etat, si c\u2019en est vraiment un, qui semble se plaire \u00e0 marcher sur la t\u00eate. Depuis son accession \u00e0 l\u2019ind\u00e9pendance, chaque page de son Histoire s\u2019\u00e9crit en lettres de sang. V\u00e9ritable pays de narcotrafiquants, la Guin\u00e9e-Bissau a une longue tradition de coups d\u2019Etat. Et n\u2019e\u00fbt \u00e9t\u00e9 le concours de la CEDEAO, Dieu seul sait ce que serait devenu aujourd\u2019hui ce petit pays aux gros probl\u00e8mes. Il ne fait aucun doute que Vaz qui joue au Zorro et son r\u00e9gime seraient d\u00e9j\u00e0 rang\u00e9s aux oubliettes, \u00a0\u00a0renvers\u00e9s par une soldatesque \u00e0 la g\u00e2chette facile. Il est encore temps que ce pr\u00e9sident qui semble m\u00e9conna\u00eetre l\u2019Histoire de son propre pays, se ravise, car il court dangereusement \u00e0 sa perte. Rien ne sert de faire l\u2019autruche. S\u2019il peut s\u2019opposer \u00e0 son parti parce qu\u2019il se croit toujours fort, il ne saurait le faire plus longtemps avec la CEDEAO qui dispose de moyens coercitifs pour refreiner ses ardeurs. Cette organisation sous-r\u00e9gionale doit bander les muscles, pour faire entendre raison \u00e0 ce pr\u00e9sident qui se prend pour le nombril de son pays.<\/p>\n<p class=\"c3\">En tout cas, la CEDEAO joue sa cr\u00e9dibilit\u00e9. Ce bic\u00e9phalisme au sommet de l\u2019Ex\u00e9cutif bissau-guin\u00e9en, ne saurait \u00eatre tol\u00e9r\u00e9 au risque de constituer un pr\u00e9c\u00e9dent dangereux.\u00a0 Il ne fait aucun doute que cette crise a \u00e9t\u00e9 provoqu\u00e9e \u00e0 dessein par le pr\u00e9sident Vaz, en vue de s\u2019offrir un bonus ou de r\u00e9aliser un hold-up \u00e9lectoral et cela, la CEDEAO ne doit pas l\u2019accepter.\u00a0 Il faut contraindre la Guin\u00e9e-Bissau \u00e0 marcher sur le chemin de la d\u00e9mocratie, m\u00eame si, pour cela, il faille s\u2019ing\u00e9rer dans les affaires internes du pays. D\u2019ailleurs, peut-on parler d\u2019ing\u00e9rence quand on sait que la Guin\u00e9e-Bissau est incapable de construire \u00e0 elle seule, la d\u00e9mocratie et l\u2019avenir de ses filles et fils?<\/p>\n<p class=\"c3\"><strong>\u00a0<\/strong><\/p>\n<p class=\"c3\"><strong>Dabadi ZOUMBARA<\/strong><\/p>\n<p class=\"c3\"><strong>\u00a0<\/strong><\/p>\n<p class=\"c3\"><strong>\u00a0<\/strong><\/p>\n<p>Auteur: Le Pays<br \/>\n<a href=\"http:\/\/lepays.bf\/crise-institutionnelle-en-guinee-bissaula-cedeao-joue-sa-credibilite\/\">Cliquez ici pour lire l&rsquo;article depuis sa source.<\/a><\/p>\n","protected":false},"excerpt":{"rendered":"<p>La Guin\u00e9e-Bissau traverse encore une grave crise. En effet,\u00a0 \u00e0 moins d\u2019un mois de la pr\u00e9sidentielle du 24 novembre, le pays a deux Premiers ministres et deux gouvernements. Il s\u2019agit de celui d\u2019Aristide Gomes, limog\u00e9 par le pr\u00e9sident mais qui refuse de d\u00e9barrasser le plancher parce qu\u2019estimant que son limogeage est ill\u00e9gal, et de celui [&hellip;]<\/p>\n","protected":false},"author":1813,"featured_media":0,"comment_status":"closed","ping_status":"closed","sticky":false,"template":"","format":"standard","meta":{"fifu_image_url":"","fifu_image_alt":"","footnotes":""},"categories":[73,81],"tags":[],"class_list":["post-66437","post","type-post","status-publish","format-standard","hentry","category-actualite","category-burkina-faso"],"_links":{"self":[{"href":"https:\/\/linitiative.ca\/International\/wp-json\/wp\/v2\/posts\/66437","targetHints":{"allow":["GET"]}}],"collection":[{"href":"https:\/\/linitiative.ca\/International\/wp-json\/wp\/v2\/posts"}],"about":[{"href":"https:\/\/linitiative.ca\/International\/wp-json\/wp\/v2\/types\/post"}],"author":[{"embeddable":true,"href":"https:\/\/linitiative.ca\/International\/wp-json\/wp\/v2\/users\/1813"}],"replies":[{"embeddable":true,"href":"https:\/\/linitiative.ca\/International\/wp-json\/wp\/v2\/comments?post=66437"}],"version-history":[{"count":0,"href":"https:\/\/linitiative.ca\/International\/wp-json\/wp\/v2\/posts\/66437\/revisions"}],"wp:attachment":[{"href":"https:\/\/linitiative.ca\/International\/wp-json\/wp\/v2\/media?parent=66437"}],"wp:term":[{"taxonomy":"category","embeddable":true,"href":"https:\/\/linitiative.ca\/International\/wp-json\/wp\/v2\/categories?post=66437"},{"taxonomy":"post_tag","embeddable":true,"href":"https:\/\/linitiative.ca\/International\/wp-json\/wp\/v2\/tags?post=66437"}],"curies":[{"name":"wp","href":"https:\/\/api.w.org\/{rel}","templated":true}]}}