{"id":66438,"date":"2019-11-03T16:28:48","date_gmt":"2019-11-03T21:28:48","guid":{"rendered":"https:\/\/linitiative.ca\/International\/recurrence-des-attaques-meurtrieres-contre-les-camps-militaires-au-malilintrouvable-antidote\/"},"modified":"2019-11-03T16:28:48","modified_gmt":"2019-11-03T21:28:48","slug":"recurrence-des-attaques-meurtrieres-contre-les-camps-militaires-au-malilintrouvable-antidote","status":"publish","type":"post","link":"https:\/\/linitiative.ca\/International\/recurrence-des-attaques-meurtrieres-contre-les-camps-militaires-au-malilintrouvable-antidote\/","title":{"rendered":"RECURRENCE DES ATTAQUES MEURTRIERES CONTRE LES CAMPS MILITAIRES AU MALI:L\u2019introuvable antidote !"},"content":{"rendered":"<div class=\"stream-item stream-item-above-post-content\">\n<p><noscript><\/p>\n<p><a href=\"\/\/www3.smartadserver.com\/ac?jump=1&#038;nwid=2136&#038;siteid=240610&#038;pgname=rg&#038;fmtid=49046&#038;visit=m&#038;tmstp=[timestamp]&#038;out=nonrich\" target=\"_blank\" rel=\"noopener noreferrer\"><img decoding=\"async\" src=\"\/\/www3.smartadserver.com\/ac?out=nonrich&#038;nwid=2136&#038;siteid=240610&#038;pgname=rg&#038;fmtid=49046&#038;visit=m&#038;tmstp=[timestamp]\" border=\"0\" alt=\"\"\/><\/a><\/p>\n<p><\/noscript><\/div>\n<p class=\"c3\">L\u2019arm\u00e9e malienne a encore \u00e9t\u00e9 endeuill\u00e9e le vendredi 1<sup>er<\/sup> novembre dernier, suite \u00e0 une attaque d\u2019envergure men\u00e9e par l\u2019Etat islamique contre le camp militaire d\u2019Indelimane, dans la r\u00e9gion de Menaka, non loin de la fronti\u00e8re nig\u00e9rienne. Les assaillants, arriv\u00e9s en grand nombre et \u00e0 l\u2019heure du d\u00e9jeuner, ont, dans un premier temps, utilis\u00e9 l\u2019artillerie pour pilonner cette position avanc\u00e9e des forces arm\u00e9es maliennes (FAMA), avant d\u2019investir le camp et de tirer \u00e0 balles r\u00e9elles et \u00e0 hauteur d\u2019homme, sur les soldats qui n\u2019avaient pas eu le r\u00e9flexe de replier.<\/p>\n<p class=\"c3\">Lorsque les renforts sont arriv\u00e9s sur place cinq heures de temps apr\u00e8s cette attaque dite complexe et terroriste, c\u2019\u00e9tait juste pour reprendre le contr\u00f4le d\u2019une enceinte militaire d\u00e9vast\u00e9e et d\u00e9couvrir l\u2019indicible horreur, une cinquantaine de soldats ayant p\u00e9ri au cours des affrontements. Ce pogrom, le deuxi\u00e8me du genre depuis le mois d\u2019octobre et l\u2019attaque massive des terroristes contre le camp de Boulkessy qui avait fait une quarantaine de victimes dans les rangs des FAMA, vient nous rappeler l\u2019imp\u00e9rieuse n\u00e9cessit\u00e9 de revoir les strat\u00e9gies militaires jusqu\u2019ici mises en place pour faire face aux diff\u00e9rents p\u00e9rils, surtout quand on sait que l\u2019ennemi n\u2019est jamais \u00e0 cours d\u2019ing\u00e9niosit\u00e9 quand il s\u2019agit de prendre \u00e0 d\u00e9faut ceux qui ont la noble mission de d\u00e9fendre l\u2019int\u00e9grit\u00e9 territoriale de nos diff\u00e9rents pays.<\/p>\n<p class=\"c3\">Face aux attaques de plus en plus os\u00e9es et sophistiqu\u00e9es des groupes arm\u00e9s, on n\u2019a pas besoin d\u2019\u00eatre un pur produit de la plus grande \u00e9cole de guerre du monde pour savoir que sans couverture a\u00e9rienne dans ces zones recul\u00e9es et \u00e0 risques, les braves fantassins qui y sont projet\u00e9s serviront de plus en plus de chair \u00e0 canon aux terroristes. On imagine bien que si les h\u00e9licopt\u00e8res maliens qui font quotidiennement le show dans le ciel des grandes villes du Nord, avaient \u00e9t\u00e9 d\u00e9rout\u00e9s sur zone en cette mi-journ\u00e9e du vendredi 1er novembre, les assaillants n\u2019auraient eu ni le temps, ni le toupet de parader dans le camp militaire cinq heures durant, avant de se replier en ordre, vers une destination inconnue.<\/p>\n<p class=\"c3\"><strong>Le salut ne viendra ni de Gen\u00e8ve ni de New-York<\/strong><\/p>\n<p class=\"c3\">Avant Indelimane, en effet, il y a quand m\u00eame eu Kidal, Gao, Soumpi, Bintagoungou, Dioura, Guir\u00e9, Boulkessy et Mondoro, et \u00e0 chaque fois, c\u2019est l\u2019arm\u00e9e malienne qui subit les revers, sur les plans humain, mat\u00e9riel et psychologique. Pourquoi, malgr\u00e9 toutes ces mauvaises exp\u00e9riences qui auraient pu servir de le\u00e7ons \u00e0 la troupe, n\u2019arrive-t-on pas \u00e0 trouver l\u2019antidote \u00e0 ce poison qui se r\u00e9pand \u00e0 la vitesse de la lumi\u00e8re, dans la zone sah\u00e9lo-saharienne ? Pourquoi ces milliers de soldats onusiens et fran\u00e7ais sont-ils presque toujours aux abonn\u00e9s absents quand il s\u2019agit de voler au secours, <em>illico presto,<\/em> des FAMA quand elles sont assi\u00e9g\u00e9es, afin de les d\u00e9gager de l\u2019emprise des assaillants ? On expliquera peut-\u00eatre cet attentisme par le fait que la MINUSMA, par exemple, n\u2019a pas vocation \u00e0 combattre les groupes terroristes, que la force Barkhane ne dispose pas de moyens pour intervenir en un temps record sur l\u2019ensemble de sa zone de couverture et que le G5 Sahel est encore au stade embryonnaire.<\/p>\n<p class=\"c3\">Mais pourquoi donc ne pas adapter le mandat ou les moyens \u00e0 la situation plus qu\u2019inqui\u00e9tante de cette zone dite des trois fronti\u00e8res (Mali-Burkina-Niger), en rendant la mission de l\u2019ONU plus offensive et en ouvrant davantage l\u2019\u0153il sur cette partie \u00e9ruptive du Sahel\u00a0? Les populations meurtries par l\u2019ins\u00e9curit\u00e9 pr\u00e9f\u00e8rent juger sur pi\u00e8ces, et appr\u00e9cier l\u2019efficacit\u00e9 et l\u2019utilit\u00e9 de ces forces \u00e9trang\u00e8res \u00e0 l\u2019aune des r\u00e9sultats qu\u2019elles engrangent sur le terrain.<\/p>\n<p class=\"c3\">Les discours paternalistes et les actions d\u2019\u00e9clat men\u00e9es de fa\u00e7on sporadique sont loin de rassurer les victimes directes et collat\u00e9rales du terrorisme. D\u2019autant qu\u2019ils cachent mal, \u00e0 leurs yeux, la volont\u00e9 de ces pompiers (pyromanes ?) de faire main basse sur les ressources mini\u00e8res et \u00e9nerg\u00e9tiques dont regorgerait notre sous-r\u00e9gion. En un mot comme en mille, c\u2019est ce r\u00e9sultat, ou plus exactement cette absence de r\u00e9sultat, qui agace les populations et les rend de plus en plus frileuses et r\u00e9tives par rapport \u00e0 la pr\u00e9sence de ces forces \u00e9trang\u00e8res. En tout \u00e9tat de cause, \u00a0le salut ne viendra ni de Gen\u00e8ve ni de New-York, mais de notre capacit\u00e9 \u00e0 adapter nos syst\u00e8mes de d\u00e9fense aux menaces actuelles, en mettant prioritairement les populations locales \u00e0 contribution.<\/p>\n<p class=\"c3\">Malheureusement, ces derni\u00e8res sont peu enclines \u00e0 coop\u00e9rer, par peur ou par d\u00e9pit, et c\u2019est ce qui explique en partie la recrudescence des actes terroristes, notamment dans les pays du Sahel. Il appartient donc aux autorit\u00e9s de trouver des solutions locales aux probl\u00e8mes endog\u00e8nes qui, le plus souvent, cr\u00e9ent, alimentent et exacerbent des crises sociales qui peuvent d\u00e9boucher sur le ph\u00e9nom\u00e8ne du terrorisme tel que nous le vivons aujourd\u2019hui. Esp\u00e9rons qu\u2019elles y arriveront, et que l\u2019entente cordiale entre les diff\u00e9rentes communaut\u00e9s qui en r\u00e9sultera, permettra de mettre fin \u00e0 la comptabilit\u00e9 macabre tenue dans chacun des trois pays victimes du terrorisme dans la sous-r\u00e9gion que sont le Mali, le Burkina Faso et le Niger.<\/p>\n<p class=\"c3\"><strong>\u00a0<\/strong><\/p>\n<p class=\"c3\"><strong>Kounta Kint\u00e9<\/strong><\/p>\n<p>Auteur: Le Pays<br \/>\n<a href=\"http:\/\/lepays.bf\/recurrence-des-attaques-meurtrieres-contre-les-camps-militaires-au-malilintrouvable-antidote\/\">Cliquez ici pour lire l&rsquo;article depuis sa source.<\/a><\/p>\n","protected":false},"excerpt":{"rendered":"<p>L\u2019arm\u00e9e malienne a encore \u00e9t\u00e9 endeuill\u00e9e le vendredi 1er novembre dernier, suite \u00e0 une attaque d\u2019envergure men\u00e9e par l\u2019Etat islamique contre le camp militaire d\u2019Indelimane, dans la r\u00e9gion de Menaka, non loin de la fronti\u00e8re nig\u00e9rienne. Les assaillants, arriv\u00e9s en grand nombre et \u00e0 l\u2019heure du d\u00e9jeuner, ont, dans un premier temps, utilis\u00e9 l\u2019artillerie pour [&hellip;]<\/p>\n","protected":false},"author":1813,"featured_media":0,"comment_status":"closed","ping_status":"closed","sticky":false,"template":"","format":"standard","meta":{"fifu_image_url":"","fifu_image_alt":"","footnotes":""},"categories":[73,81],"tags":[],"class_list":["post-66438","post","type-post","status-publish","format-standard","hentry","category-actualite","category-burkina-faso"],"_links":{"self":[{"href":"https:\/\/linitiative.ca\/International\/wp-json\/wp\/v2\/posts\/66438","targetHints":{"allow":["GET"]}}],"collection":[{"href":"https:\/\/linitiative.ca\/International\/wp-json\/wp\/v2\/posts"}],"about":[{"href":"https:\/\/linitiative.ca\/International\/wp-json\/wp\/v2\/types\/post"}],"author":[{"embeddable":true,"href":"https:\/\/linitiative.ca\/International\/wp-json\/wp\/v2\/users\/1813"}],"replies":[{"embeddable":true,"href":"https:\/\/linitiative.ca\/International\/wp-json\/wp\/v2\/comments?post=66438"}],"version-history":[{"count":0,"href":"https:\/\/linitiative.ca\/International\/wp-json\/wp\/v2\/posts\/66438\/revisions"}],"wp:attachment":[{"href":"https:\/\/linitiative.ca\/International\/wp-json\/wp\/v2\/media?parent=66438"}],"wp:term":[{"taxonomy":"category","embeddable":true,"href":"https:\/\/linitiative.ca\/International\/wp-json\/wp\/v2\/categories?post=66438"},{"taxonomy":"post_tag","embeddable":true,"href":"https:\/\/linitiative.ca\/International\/wp-json\/wp\/v2\/tags?post=66438"}],"curies":[{"name":"wp","href":"https:\/\/api.w.org\/{rel}","templated":true}]}}