{"id":66447,"date":"2019-11-03T15:50:03","date_gmt":"2019-11-03T20:50:03","guid":{"rendered":"https:\/\/linitiative.ca\/International\/soudan-pas-dobjection-des-meneurs-de-la-contestation-pour-remettre-bechir-a-la-cpi\/"},"modified":"2019-11-03T15:50:03","modified_gmt":"2019-11-03T20:50:03","slug":"soudan-pas-dobjection-des-meneurs-de-la-contestation-pour-remettre-bechir-a-la-cpi","status":"publish","type":"post","link":"https:\/\/linitiative.ca\/International\/soudan-pas-dobjection-des-meneurs-de-la-contestation-pour-remettre-bechir-a-la-cpi\/","title":{"rendered":"Soudan: pas d\u2019objection des meneurs de la contestation pour remettre B\u00e9chir \u00e0 la CPI"},"content":{"rendered":"<div readability=\"32\">\n<p>Publi\u00e9 le 03.11.2019 \u00e0 21h50 par AFP<\/p>\n<\/div>\n<div readability=\"101\">\n<p>La principale organisation du mouvement de contestation soudanais qui a men\u00e9 \u00e0 la chute du pr\u00e9sident Omar el-B\u00e9chir a indiqu\u00e9 dimanche ne pas avoir d\u2019objection \u00e0 ce qu\u2019il soit remis \u00e0 la Cour p\u00e9nale internationale (CPI), qui le jugerait notamment pour g\u00e9nocide.<\/p>\n<p>M. B\u00e9chir, destitu\u00e9 par l\u2019arm\u00e9e le 11 avril apr\u00e8s des mois d\u2019un mouvement de contestation in\u00e9dit, fait l\u2019objet de deux mandats d\u2019arr\u00eats \u00e9mis par la CPI pour \u00ab\u00a0crimes de guerre\u00a0\u00bb, \u00ab\u00a0crimes contre l\u2019humanit\u00e9\u00a0\u00bb et \u00ab\u00a0g\u00e9nocide\u00a0\u00bb commis dans le cadre des violences au Darfour.<\/p>\n<p>\u00ab\u00a0Nous n\u2019avons pas d\u2019objection \u00e0 ce que B\u00e9chir soit remis \u00e0 la CPI\u00a0\u00bb, a indiqu\u00e9 \u00e0 des journalistes Ibrahim al-Cheikh, un chef de file des Forces pour la libert\u00e9 et le changement (FFC), fer de lance de la contestation.<\/p>\n<p>\u00ab\u00a0Tous les membres des FFC sont d\u2019accord l\u00e0-dessus\u00a0\u00bb, a-t-il ajout\u00e9.<\/p>\n<p>Des ONG de d\u00e9fenses des droits humains, des militants ainsi que des groupes rebelles, qui ont combattu le r\u00e9gime autoritaire de M. B\u00e9chir dans des r\u00e9gions d\u00e9vast\u00e9es par les conflits comme le Darfour, ont demand\u00e9 \u00e0 de multiples reprises que l\u2019ancien dirigeant soit remis \u00e0 la CPI.<\/p>\n<p>Apr\u00e8s sa destitution, les procureurs de la CPI ont eux aussi demand\u00e9 \u00e0 ce qu\u2019il soit jug\u00e9 pour les tueries de masse commises au Darfour.<\/p>\n<p>Mais les militaires, qui avaient pris le pouvoir apr\u00e8s sa chute, ont refus\u00e9 de le remettre \u00e0 la CPI.<\/p>\n<p>Il faut pour cela que les autorit\u00e9s de transition, mises en place en ao\u00fbt \u00e0 la suite d\u2019un accord entre militaires et contestation, ratifient le Statut de Rome \u2013le trait\u00e9 fondateur de la CPI\u2013 pour permettre \u00e0 M. B\u00e9chir d\u2019\u00eatre transf\u00e9r\u00e9 \u00e0 La Haye, o\u00f9 si\u00e8ge la cour.<\/p>\n<p>Le conflit au Darfour a \u00e9clat\u00e9 en 2003 quand des rebelles issus de minorit\u00e9s ethniques ont pris les armes contre le gouvernement de Khartoum \u00e0 majorit\u00e9 arabe, accusant M. B\u00e9chir de marginaliser \u00e9conomiquement et politiquement leurs r\u00e9gions. Il a fait plus de 300.000 morts et 2,5 millions de d\u00e9plac\u00e9s, selon l\u2019ONU.<\/p>\n<p>Pour r\u00e9primer cette r\u00e9bellion, Khartoum a recrut\u00e9 parmi des nomades en majorit\u00e9 arabe, formant une milice arm\u00e9e, les Janjawids, souvent \u00e0 cheval ou \u00e0 chameau. Ces miliciens ont \u00e9t\u00e9 accus\u00e9s de mener une politique de la terre br\u00fbl\u00e9e, pillant, incendiant et violant dans les villages soup\u00e7onn\u00e9s de soutenir les rebelles.<\/p>\n<p>M. B\u00e9chir, arriv\u00e9 au pouvoir en 1989 par un coup d\u2019Etat soutenu par les islamistes, est actuellement emprisonn\u00e9 et jug\u00e9 \u00e0 Khartoum, mais uniquement sur des accusations de corruption.<\/p>\n<\/div>\n<p>Auteur: AFP<br \/>\n<a href=\"https:\/\/www.journalducameroun.com\/soudan-pas-dobjection-des-meneurs-de-la-contestation-pour-remettre-bechir-a-la-cpi\/\">Cliquez ici pour lire l&rsquo;article depuis sa source.<\/a><\/p>\n","protected":false},"excerpt":{"rendered":"<p>Publi\u00e9 le 03.11.2019 \u00e0 21h50 par AFP La principale organisation du mouvement de contestation soudanais qui a men\u00e9 \u00e0 la chute du pr\u00e9sident Omar el-B\u00e9chir a indiqu\u00e9 dimanche ne pas avoir d\u2019objection \u00e0 ce qu\u2019il soit remis \u00e0 la Cour p\u00e9nale internationale (CPI), qui le jugerait notamment pour g\u00e9nocide. M. B\u00e9chir, destitu\u00e9 par l\u2019arm\u00e9e le [&hellip;]<\/p>\n","protected":false},"author":1965,"featured_media":0,"comment_status":"closed","ping_status":"closed","sticky":false,"template":"","format":"standard","meta":{"fifu_image_url":"","fifu_image_alt":"","footnotes":""},"categories":[73,82],"tags":[],"class_list":["post-66447","post","type-post","status-publish","format-standard","hentry","category-actualite","category-cameroun"],"_links":{"self":[{"href":"https:\/\/linitiative.ca\/International\/wp-json\/wp\/v2\/posts\/66447","targetHints":{"allow":["GET"]}}],"collection":[{"href":"https:\/\/linitiative.ca\/International\/wp-json\/wp\/v2\/posts"}],"about":[{"href":"https:\/\/linitiative.ca\/International\/wp-json\/wp\/v2\/types\/post"}],"author":[{"embeddable":true,"href":"https:\/\/linitiative.ca\/International\/wp-json\/wp\/v2\/users\/1965"}],"replies":[{"embeddable":true,"href":"https:\/\/linitiative.ca\/International\/wp-json\/wp\/v2\/comments?post=66447"}],"version-history":[{"count":0,"href":"https:\/\/linitiative.ca\/International\/wp-json\/wp\/v2\/posts\/66447\/revisions"}],"wp:attachment":[{"href":"https:\/\/linitiative.ca\/International\/wp-json\/wp\/v2\/media?parent=66447"}],"wp:term":[{"taxonomy":"category","embeddable":true,"href":"https:\/\/linitiative.ca\/International\/wp-json\/wp\/v2\/categories?post=66447"},{"taxonomy":"post_tag","embeddable":true,"href":"https:\/\/linitiative.ca\/International\/wp-json\/wp\/v2\/tags?post=66447"}],"curies":[{"name":"wp","href":"https:\/\/api.w.org\/{rel}","templated":true}]}}