{"id":66448,"date":"2019-11-03T15:50:06","date_gmt":"2019-11-03T20:50:06","guid":{"rendered":"https:\/\/linitiative.ca\/International\/hong-kong-nombreux-heurts-avec-la-police-cinq-blesses-dans-une-attaque-au-couteau\/"},"modified":"2019-11-03T15:50:06","modified_gmt":"2019-11-03T20:50:06","slug":"hong-kong-nombreux-heurts-avec-la-police-cinq-blesses-dans-une-attaque-au-couteau","status":"publish","type":"post","link":"https:\/\/linitiative.ca\/International\/hong-kong-nombreux-heurts-avec-la-police-cinq-blesses-dans-une-attaque-au-couteau\/","title":{"rendered":"Hong Kong : nombreux heurts avec la police, cinq bless\u00e9s dans une attaque au couteau"},"content":{"rendered":"<div readability=\"32\">\n<p>Publi\u00e9 le 03.11.2019 \u00e0 21h50 par AFP<\/p>\n<\/div>\n<div readability=\"112\">\n<p>Une attaque au couteau dimanche soir \u00e0 Hong Kong a fait cinq bless\u00e9s, dont un responsable politique local militant pour plus de d\u00e9mocratie qui a eu l\u2019oreille coup\u00e9e, \u00e0 l\u2019issue d\u2019une nouvelle journ\u00e9e \u00e9maill\u00e9e de heurts entre manifestants et forces de l\u2019ordre.<\/p>\n<p>Ces affrontements se sont d\u00e9roul\u00e9s \u00e0 l\u2019occasion des nombreux rassemblements de protestataires dans des centres commerciaux au cours de l\u2019apr\u00e8s-midi.<\/p>\n<p>La veille, les forces de l\u2019ordre et les manifestants avaient bataill\u00e9 des heures durant, apr\u00e8s que des milliers de personnes furent descendues dans la rue pour un d\u00e9fil\u00e9 non autoris\u00e9, donnant lieu \u00e0 davantage de violences. Les policiers avaient alors fait usage de gaz lacrymog\u00e8ne et de canons \u00e0 eau.<\/p>\n<p>Toutefois, dans la soir\u00e9e de dimanche, une sanglante attaque au couteau a eu lieu devant un complexe commercial \u00e0 Tai Koo Shing, un quartier de la classe moyenne, o\u00f9 des protestataires s\u2019\u00e9taient rassembl\u00e9s une partie de la journ\u00e9e.<\/p>\n<p>Selon des t\u00e9moins cit\u00e9s par la presse locale, son auteur, qui portait un tee-shirt gris, \u00e9tait un homme parlant mandarin (la principale langue de la Chine continentale) et criait des slogans en faveur du r\u00e9gime chinois.<\/p>\n<p>Des images t\u00e9l\u00e9vis\u00e9es ont montr\u00e9 Andrew Chiu, un porte-drapeau du mouvement de contestation, une oreille presqu\u2019enti\u00e8rement sectionn\u00e9e. Un deuxi\u00e8me homme gisait inconscient dans une mare de sang, tandis que des passants tentaient de soigner ses blessures.<\/p>\n<p>L\u2019assaillant pr\u00e9sum\u00e9 a \u00e9t\u00e9 pris \u00e0 partie et violemment frapp\u00e9 par la foule, selon ces images de la cha\u00eene de t\u00e9l\u00e9vision RTHK.<\/p>\n<p>\u2013 \u00ab\u00a0Reprenez Hong Kong et Ta\u00efwan !\u00a0\u00bb \u2013<\/p>\n<p>Cinq personnes au total \u2013 quatre hommes et une femme \u2013 ont \u00e9t\u00e9 bless\u00e9es, dont deux gri\u00e8vement, a-t-on appris de sources hospitali\u00e8re et polici\u00e8re.<\/p>\n<p>Trois personnes ont par ailleurs \u00e9t\u00e9 arr\u00eat\u00e9es, a dit la police \u00e0 l\u2019AFP, sans pr\u00e9ciser si l\u2019auteur de l\u2019attaque se trouvait parmi elles.<\/p>\n<p>L\u2019homme criait \u00ab\u00a0reprenez Hong Kong et Ta\u00efwan !\u00a0\u00bb, a t\u00e9moign\u00e9 le d\u00e9put\u00e9 partisan de r\u00e9formes d\u00e9mocratiques James To, parlant \u00e0 la presse devant l\u2019h\u00f4pital o\u00f9 a \u00e9t\u00e9 amis M. Chiu.<\/p>\n<p>Hong Kong, un territoire semi-autonome, est secou\u00e9 depuis cinq mois par des manifestations de militants d\u00e9non\u00e7ant l\u2019ing\u00e9rence de P\u00e9kin. Ta\u00efwan est un territoire ind\u00e9pendant que la Chine consid\u00e8re comme une de ses provinces et qu\u2019elle n\u2019exclut pas de reprendre par la force.<\/p>\n<p>Le mouvement de contestation ne montre aucun signe de recul apr\u00e8s quasiment cinq mois, mais les rassemblements d\u00e9g\u00e9n\u00e8rent de plus en plus en violences.<\/p>\n<p>D\u00e9j\u00e0 fragilis\u00e9e par la guerre commerciale entre Washington et P\u00e9kin, l\u2019\u00e9conomie de cette place financi\u00e8re p\u00e2tit de cette longue crise politique, la pire depuis sa r\u00e9trocession par le Royaume-Uni \u00e0 la Chine en 1997.<\/p>\n<p>Hong Kong jouit de libert\u00e9s inconnues dans la partie continentale du territoire chinois en vertu de sa Loi fondamentale (Constitution r\u00e9gionale), comme la libert\u00e9 d\u2019expression et de manifestation, et d\u2019une justice ind\u00e9pendante.<\/p>\n<\/div>\n<p>Auteur: AFP<br \/>\n<a href=\"https:\/\/www.journalducameroun.com\/hong-kong-nombreux-heurts-avec-la-police-cinq-blesses-dans-une-attaque-au-couteau\/\">Cliquez ici pour lire l&rsquo;article depuis sa source.<\/a><\/p>\n","protected":false},"excerpt":{"rendered":"<p>Publi\u00e9 le 03.11.2019 \u00e0 21h50 par AFP Une attaque au couteau dimanche soir \u00e0 Hong Kong a fait cinq bless\u00e9s, dont un responsable politique local militant pour plus de d\u00e9mocratie qui a eu l\u2019oreille coup\u00e9e, \u00e0 l\u2019issue d\u2019une nouvelle journ\u00e9e \u00e9maill\u00e9e de heurts entre manifestants et forces de l\u2019ordre. Ces affrontements se sont d\u00e9roul\u00e9s \u00e0 [&hellip;]<\/p>\n","protected":false},"author":1965,"featured_media":0,"comment_status":"closed","ping_status":"closed","sticky":false,"template":"","format":"standard","meta":{"fifu_image_url":"","fifu_image_alt":"","footnotes":""},"categories":[73,82],"tags":[],"class_list":["post-66448","post","type-post","status-publish","format-standard","hentry","category-actualite","category-cameroun"],"_links":{"self":[{"href":"https:\/\/linitiative.ca\/International\/wp-json\/wp\/v2\/posts\/66448","targetHints":{"allow":["GET"]}}],"collection":[{"href":"https:\/\/linitiative.ca\/International\/wp-json\/wp\/v2\/posts"}],"about":[{"href":"https:\/\/linitiative.ca\/International\/wp-json\/wp\/v2\/types\/post"}],"author":[{"embeddable":true,"href":"https:\/\/linitiative.ca\/International\/wp-json\/wp\/v2\/users\/1965"}],"replies":[{"embeddable":true,"href":"https:\/\/linitiative.ca\/International\/wp-json\/wp\/v2\/comments?post=66448"}],"version-history":[{"count":0,"href":"https:\/\/linitiative.ca\/International\/wp-json\/wp\/v2\/posts\/66448\/revisions"}],"wp:attachment":[{"href":"https:\/\/linitiative.ca\/International\/wp-json\/wp\/v2\/media?parent=66448"}],"wp:term":[{"taxonomy":"category","embeddable":true,"href":"https:\/\/linitiative.ca\/International\/wp-json\/wp\/v2\/categories?post=66448"},{"taxonomy":"post_tag","embeddable":true,"href":"https:\/\/linitiative.ca\/International\/wp-json\/wp\/v2\/tags?post=66448"}],"curies":[{"name":"wp","href":"https:\/\/api.w.org\/{rel}","templated":true}]}}