{"id":66449,"date":"2019-11-03T16:50:02","date_gmt":"2019-11-03T21:50:02","guid":{"rendered":"https:\/\/linitiative.ca\/International\/bresil-appel-a-proteger-les-terres-indigenes-apres-le-meurtre-dun-defenseur-de-la-foret\/"},"modified":"2019-11-03T16:50:02","modified_gmt":"2019-11-03T21:50:02","slug":"bresil-appel-a-proteger-les-terres-indigenes-apres-le-meurtre-dun-defenseur-de-la-foret","status":"publish","type":"post","link":"https:\/\/linitiative.ca\/International\/bresil-appel-a-proteger-les-terres-indigenes-apres-le-meurtre-dun-defenseur-de-la-foret\/","title":{"rendered":"Br\u00e9sil : appel \u00e0 prot\u00e9ger les terres indig\u00e8nes apr\u00e8s le meurtre d\u2019un d\u00e9fenseur de la for\u00eat"},"content":{"rendered":"<div readability=\"32\">\n<p>Publi\u00e9 le 03.11.2019 \u00e0 22h50 par AFP<\/p>\n<\/div>\n<div readability=\"134\">\n<p>Des ONG ont appel\u00e9 dimanche les autorit\u00e9s br\u00e9siliennes \u00e0 prot\u00e9ger les terres indig\u00e8nes apr\u00e8s la mort deux jours auparavant d\u2019un d\u00e9fenseur de la for\u00eat amazonienne dans une embuscade tendue par des trafiquants de bois dans le nord-est du Br\u00e9sil.<\/p>\n<p>Paulo Paulino, un militant indig\u00e8ne, a \u00e9t\u00e9 tu\u00e9 et un autre membre de la tribu des Guajajara a \u00e9t\u00e9 bless\u00e9 vendredi soir au cours de cette attaque survenue dans l\u2019Etat du Maranhao, ont annonc\u00e9 samedi les autorit\u00e9s r\u00e9gionales.<\/p>\n<p>Ils \u00ab\u00a0s\u2019\u00e9taient \u00e9loign\u00e9s du village pour aller chercher de l\u2019eau quand ils ont \u00e9t\u00e9 encercl\u00e9s par au moins cinq hommes arm\u00e9s\u00a0\u00bb, a tweet\u00e9 le secr\u00e9tariat aux droits de l\u2019homme du gouvernement du Maranhao.<\/p>\n<p>Paulino et son compagnon, La\u00e9rcio, faisaient partie d\u2019un groupe baptis\u00e9 les \u00ab\u00a0Gardiens de la for\u00eat\u00a0\u00bb -ils sont plus de cent- form\u00e9 par les Guajajara, une tribu d\u2019environ 14.000 \u00e2mes \u00e9tablie \u00e0 l\u2019int\u00e9rieur de cet Etat, pour d\u00e9fendre les territoires indig\u00e8nes menac\u00e9s par l\u2019exploitation ill\u00e9gale du bois et l\u2019extension des surfaces agricoles.<\/p>\n<p>Ils transmettent notamment les coordonn\u00e9es GPS de zones o\u00f9 sont retrouv\u00e9s des arbres abattus et viennent en aide aux pompiers luttant contre des incendies de for\u00eat.<\/p>\n<p>L\u2019attaque s\u2019est produite sur le territoire indig\u00e8ne d\u2019Arariboia en Amazonie, \u00e0 quelque 500 km de Sao Lu\u00eds, la capitale de l\u2019Etat de Maranhao, ont pr\u00e9cis\u00e9 les autorit\u00e9s.<\/p>\n<p>Selon l\u2019ONG Survival International, Paulo Paulino Guajajara, connu \u00e9galement sous le nom de Kwahu Tenetehar, a \u00e9t\u00e9 touch\u00e9 au cou par un coup de feu et est mort dans la for\u00eat tandis que son compagnon La\u00e9rcio (\u00e9galement connu sous le nom de Tainaky Tenetehar), atteint dans le dos par une balle, est parvenu \u00e0 s\u2019enfuir.<\/p>\n<p>Le ministre br\u00e9silien de la Justice, Sergio Moro, a affirm\u00e9 que la police enqu\u00eatait sur cet assassinat.<\/p>\n<p>\u00ab\u00a0Nous ferons tout pour d\u00e9f\u00e9rer devant la justice les responsables de ce grave crime\u00a0\u00bb, a-t-il tweet\u00e9. Une \u00e9quipe de policiers se pr\u00e9parait \u00e0 aller sur place, selon son cabinet.<\/p>\n<p>\u2013 \u00ab\u00a0Beaucoup d\u2019impunit\u00e9\u00a0\u00bb \u2013<\/p>\n<p>Pour Greenpeace, \u00ab\u00a0Paulino et La\u00e9rcio sont les derni\u00e8res victimes (en date) d\u2019un Etat (le Br\u00e9sil) qui se refuse \u00e0 respecter ce que stipule la Constitution\u00a0\u00bb. Cette ONG d\u00e9nonce \u00ab\u00a0l\u2019incapacit\u00e9 de l\u2019Etat \u00e0 accomplir son devoir de les prot\u00e9ger ainsi que tous les territoires indig\u00e8nes du Br\u00e9sil\u00a0\u00bb.<\/p>\n<p>Selon l\u2019enqu\u00eatrice de Survival International, Sarah Shenker, qui s\u2019est rendue en avril sur place, \u00ab\u00a0le gouvernement br\u00e9silien doit accepter que prot\u00e9ger ces terres rel\u00e8ve de sa responsabilit\u00e9. Le fait qu\u2019il ne le fasse pas, son absence l\u00e0-bas, est la raison qui pousse les Gardiens \u00e0 assumer cette d\u00e9fense, un travail tr\u00e8s dur et dangereux\u00a0\u00bb, a-t-elle d\u00e9clar\u00e9 \u00e0 l\u2019AFP.<\/p>\n<p>\u00ab\u00a0Cela fait des ann\u00e9es que les Gardiens sont la cible de violences et de menaces de mort\u00a0\u00bb, a poursuivi Mme Shenker.<\/p>\n<p>Trois autres membres de ce groupe ont d\u00e9j\u00e0 \u00e9t\u00e9 tu\u00e9s dans des attaques par le pass\u00e9.<\/p>\n<p>\u00ab\u00a0Il y a beaucoup d\u2019impunit\u00e9, les autorit\u00e9s n\u2019ont pas la volont\u00e9 de prot\u00e9ger les terres indig\u00e8nes\u00a0\u00bb, a accus\u00e9 l\u2019enqu\u00eatrice de Survival International, d\u2019apr\u00e8s laquelle \u00ab\u00a0des dizaines de guajajara\u00a0\u00bb ont au total \u00e9t\u00e9 \u00ab\u00a0assassin\u00e9s\u00a0\u00bb.<\/p>\n<p>Le pr\u00e9sident br\u00e9silien d\u2019extr\u00eame droite Jair Bolsonaro pr\u00e9conise quant \u00e0 lui l\u2019exploitation commerciale de ces terres.<\/p>\n<p>\u00ab\u00a0Il est temps d\u2019arr\u00eater ce g\u00e9nocide institutionnalis\u00e9. Cessez d\u2019autoriser de verser le sang de notre peuple\u00a0\u00bb\u00a0\u00bb, a tweet\u00e9 apr\u00e8s l\u2019annonce du meurtre Sonia Guajajara, la coordinatrice de l\u2019Association des peuples indig\u00e8nes du Br\u00e9sil (APIB).<\/p>\n<p>Selon des chiffres du Congr\u00e8s missionnaire indien (Cimi, une association li\u00e9e \u00e0 l\u2019Eglise catholique) cit\u00e9s par l\u2019APIB, 160 intrusions de trafiquants de bois ou d\u2019orpailleurs ill\u00e9gaux ont \u00e9t\u00e9 recens\u00e9es de janvier \u00e0 septembre cette ann\u00e9e, en hausse de 44% par rapport au total de l\u2019ann\u00e9e 2018.<\/p>\n<\/div>\n<p>Auteur: AFP<br \/>\n<a href=\"https:\/\/www.journalducameroun.com\/bresil-appel-a-proteger-les-terres-indigenes-apres-le-meurtre-dun-defenseur-de-la-foret\/\">Cliquez ici pour lire l&rsquo;article depuis sa source.<\/a><\/p>\n","protected":false},"excerpt":{"rendered":"<p>Publi\u00e9 le 03.11.2019 \u00e0 22h50 par AFP Des ONG ont appel\u00e9 dimanche les autorit\u00e9s br\u00e9siliennes \u00e0 prot\u00e9ger les terres indig\u00e8nes apr\u00e8s la mort deux jours auparavant d\u2019un d\u00e9fenseur de la for\u00eat amazonienne dans une embuscade tendue par des trafiquants de bois dans le nord-est du Br\u00e9sil. Paulo Paulino, un militant indig\u00e8ne, a \u00e9t\u00e9 tu\u00e9 et [&hellip;]<\/p>\n","protected":false},"author":1965,"featured_media":0,"comment_status":"closed","ping_status":"closed","sticky":false,"template":"","format":"standard","meta":{"fifu_image_url":"","fifu_image_alt":"","footnotes":""},"categories":[73,82],"tags":[],"class_list":["post-66449","post","type-post","status-publish","format-standard","hentry","category-actualite","category-cameroun"],"_links":{"self":[{"href":"https:\/\/linitiative.ca\/International\/wp-json\/wp\/v2\/posts\/66449","targetHints":{"allow":["GET"]}}],"collection":[{"href":"https:\/\/linitiative.ca\/International\/wp-json\/wp\/v2\/posts"}],"about":[{"href":"https:\/\/linitiative.ca\/International\/wp-json\/wp\/v2\/types\/post"}],"author":[{"embeddable":true,"href":"https:\/\/linitiative.ca\/International\/wp-json\/wp\/v2\/users\/1965"}],"replies":[{"embeddable":true,"href":"https:\/\/linitiative.ca\/International\/wp-json\/wp\/v2\/comments?post=66449"}],"version-history":[{"count":0,"href":"https:\/\/linitiative.ca\/International\/wp-json\/wp\/v2\/posts\/66449\/revisions"}],"wp:attachment":[{"href":"https:\/\/linitiative.ca\/International\/wp-json\/wp\/v2\/media?parent=66449"}],"wp:term":[{"taxonomy":"category","embeddable":true,"href":"https:\/\/linitiative.ca\/International\/wp-json\/wp\/v2\/categories?post=66449"},{"taxonomy":"post_tag","embeddable":true,"href":"https:\/\/linitiative.ca\/International\/wp-json\/wp\/v2\/tags?post=66449"}],"curies":[{"name":"wp","href":"https:\/\/api.w.org\/{rel}","templated":true}]}}