{"id":66455,"date":"2019-11-04T06:04:25","date_gmt":"2019-11-04T11:04:25","guid":{"rendered":"https:\/\/linitiative.ca\/International\/la-justesse-de-la-cause-sacree\/"},"modified":"2019-11-04T06:04:25","modified_gmt":"2019-11-04T11:04:25","slug":"la-justesse-de-la-cause-sacree","status":"publish","type":"post","link":"https:\/\/linitiative.ca\/International\/la-justesse-de-la-cause-sacree\/","title":{"rendered":"La justesse de la cause sacr\u00e9e!"},"content":{"rendered":"<p class=\"has-text-color has-vivid-cyan-blue-color\"><strong>Une fois n\u2019est pas coutume, les ennemis de notre cause nationale ont essuy\u00e9 l\u2019une des racl\u00e9es les plus cuisantes. La r\u00e9solution de l\u2019instance universelle 2494 vient d\u2019ass\u00e9ner un \u00e9ni\u00e8me revers \u00e0 ceux qui versent encore dans le mirage de la d\u00e9sillusion.<\/strong><\/p>\n<p>Adopt\u00e9e par la quasi-totalit\u00e9 du conseil de s\u00e9curit\u00e9 de l\u2019Organisation des Nations Unies (ONU),hormis l\u2019abstention de la Russie et l\u2019Afrique du Sud, le verdict onusien tombe telle une douche froide dans le camp hostile.En fait, il s\u2019agit d\u2019une premi\u00e8re dans les annales de l\u2019institution supr\u00eame, en statuant sans nul ambages, sur la n\u00e9cessit\u00e9 absolue de tenir des \u00abtables rondes\u00bb auxquelles prendront part les quatre protagonistes aux d\u00e9bats en lice, relatif \u00e0 la question de la question de notre int\u00e9grit\u00e9 territoriale.<\/p>\n<p>Longtemps d\u00e9robante de ce processus en commun, l\u2019Alg\u00e9rie se voit contrainte de se faire \u00e9riger en partie influente sur le conflit artificiel dont il a \u00e9t\u00e9 l\u2019instigateur potentiel, des d\u00e9cennies durant. Sous les auspices de l\u2019ONU, tout le monde se devra de s\u2019engager \u00e0 faire aboutir le compromis recherch\u00e9 au sein d\u2019un v\u00e9ritable moment m\u00e9difiant et s\u00e9rieux. Prolong\u00e9 pour une autre ann\u00e9e, le mandat de la Minorso entame un nouvel \u00e9pisode non pas purement technique, mais sans aucun doute, d\u2019aspect concret sur le diff\u00e9rent r\u00e9gional,renvoyant aux calendes grecques tous les sch\u00e9mas surann\u00e9s. Du coup, les acteurs de cette h\u00e9r\u00e9sie sont d\u00e9sormais nomm\u00e9ment mentionn\u00e9s dans la d\u00e9cision de l\u2019institution plan\u00e9taire.<\/p>\n<p>De surcro\u00eet, l\u2019autonomie que brandit notre pays et jouit de l\u2019acception de l\u2019int\u00e9gralit\u00e9 de la communaut\u00e9 mondiale, ne fait que se renforcer davantage, en tant que socle de solidit\u00e9 et de cr\u00e9dibilit\u00e9 av\u00e9r\u00e9es. La sagesse marocaine,\u00e9minemment confort\u00e9e pour la treizi\u00e8me fois dans les grandes sph\u00e8res du globe, ne cesse de r\u00e9sonner haut et fort et faire raisonner les plus r\u00e9calcitrants. Tous les alibis entach\u00e9s de fausset\u00e9 s\u2019estompent tel des f\u00e9tus de paille, face \u00e0 la justesse de la cause nationale et \u00e0 la d\u00e9termination de son peuple, \u00e0 la dernier go\u00fbte du sang.<\/p>\n<p>Ceci dit, tout aur\u00e9ol\u00e9 de ce triomphe l\u00e9gitime, le Maroc, toutes souches confondus, est appel\u00e9 \u00e0 garder la t\u00eate sur les \u00e9paules, \u00e0 se ressaisir de plus belle et \u00e0 maintenir son \u00e9veil et sa vigilance contre toute r\u00e9cidive, \u00e0 la fois bellig\u00e9rante et provocatrice. Enfin, Tindouf, refuge de la honte que le voisin de l\u2019Est ne cesse de terroriser par la hantise de l\u2019oppression et le d\u00e9nuement, ne saurait demeurer \u00e0 l\u2019abandon. Mais, par le recensement, ce camp qui vit le martyr, n\u2019est pas cens\u00e9 subir une exclusion, tout en sachant des populations vivant des s\u00e9vices pareils, sont enregistr\u00e9es et, partant, vou\u00e9s \u00e0 des issues salvatrices, conform\u00e9ment au droit international humanitaire, tel que arbore par le Haut Commissariat pour les R\u00e9fugi\u00e9s (HCR). On ne devrait surtout pas dormir sur ses lauriers, face aux convoitises constamment aiguis\u00e9es.<\/p>\n<p>Auteur: M&rsquo;hammed rahal<br \/>\n<a href=\"http:\/\/albayane.press.ma\/la-justesse-de-la-cause-sacree.html\">Cliquez ici pour lire l&rsquo;article depuis sa source.<\/a><\/p>\n","protected":false},"excerpt":{"rendered":"<p>Une fois n\u2019est pas coutume, les ennemis de notre cause nationale ont essuy\u00e9 l\u2019une des racl\u00e9es les plus cuisantes. La r\u00e9solution de l\u2019instance universelle 2494 vient d\u2019ass\u00e9ner un \u00e9ni\u00e8me revers \u00e0 ceux qui versent encore dans le mirage de la d\u00e9sillusion. Adopt\u00e9e par la quasi-totalit\u00e9 du conseil de s\u00e9curit\u00e9 de l\u2019Organisation des Nations Unies (ONU),hormis [&hellip;]<\/p>\n","protected":false},"author":1760,"featured_media":0,"comment_status":"closed","ping_status":"closed","sticky":false,"template":"","format":"standard","meta":{"fifu_image_url":"","fifu_image_alt":"","footnotes":""},"categories":[73,54],"tags":[],"class_list":["post-66455","post","type-post","status-publish","format-standard","hentry","category-actualite","category-maroc"],"_links":{"self":[{"href":"https:\/\/linitiative.ca\/International\/wp-json\/wp\/v2\/posts\/66455","targetHints":{"allow":["GET"]}}],"collection":[{"href":"https:\/\/linitiative.ca\/International\/wp-json\/wp\/v2\/posts"}],"about":[{"href":"https:\/\/linitiative.ca\/International\/wp-json\/wp\/v2\/types\/post"}],"author":[{"embeddable":true,"href":"https:\/\/linitiative.ca\/International\/wp-json\/wp\/v2\/users\/1760"}],"replies":[{"embeddable":true,"href":"https:\/\/linitiative.ca\/International\/wp-json\/wp\/v2\/comments?post=66455"}],"version-history":[{"count":0,"href":"https:\/\/linitiative.ca\/International\/wp-json\/wp\/v2\/posts\/66455\/revisions"}],"wp:attachment":[{"href":"https:\/\/linitiative.ca\/International\/wp-json\/wp\/v2\/media?parent=66455"}],"wp:term":[{"taxonomy":"category","embeddable":true,"href":"https:\/\/linitiative.ca\/International\/wp-json\/wp\/v2\/categories?post=66455"},{"taxonomy":"post_tag","embeddable":true,"href":"https:\/\/linitiative.ca\/International\/wp-json\/wp\/v2\/tags?post=66455"}],"curies":[{"name":"wp","href":"https:\/\/api.w.org\/{rel}","templated":true}]}}