{"id":66456,"date":"2019-11-04T06:11:34","date_gmt":"2019-11-04T11:11:34","guid":{"rendered":"https:\/\/linitiative.ca\/International\/la-lecon-dessaouira%ef%bb%bf\/"},"modified":"2019-11-04T06:11:34","modified_gmt":"2019-11-04T11:11:34","slug":"la-lecon-dessaouira%ef%bb%bf","status":"publish","type":"post","link":"https:\/\/linitiative.ca\/International\/la-lecon-dessaouira%ef%bb%bf\/","title":{"rendered":"La le\u00e7on d\u2019Essaouira\u2026\ufeff"},"content":{"rendered":"<p class=\"has-text-color has-vivid-cyan-blue-color\"><strong>Une ville sereine, myst\u00e9rieuse, fascinante et tol\u00e9rante. Essaouira n\u2019a jamais cess\u00e9 de donner l\u2019exemple de cette ville plurielle o\u00f9 toutes les cultures et les religions cohabitent en toute harmonie et symbiose.<\/strong><\/p>\n<p>C\u2019est son propre image \u00e0 elle qui porte la marque de sa singularit\u00e9\u00a0 et universalit\u00e9 depuis des d\u00e9cennies. C\u2019est l\u2019image ainsi de Mogador\u00a0qui est connue par son hospitalit\u00e9, son ouverture et son amour pour les arts et les musiques de diff\u00e9rents horizons. Depuis jeudi soir, la Cit\u00e9 des Aliz\u00e9s vibre aux rythmes des\u00a0 Andalousies Atlantiques. En effet, cette manifestation artistique est plus qu\u2019un simple festival musical, mais plut\u00f4t un \u00e9v\u00e9nement f\u00e9d\u00e9rateur o\u00f9 la musique, le chant se f\u00eatent dans la joie et dans le partage et dans les r\u00e8gles de l\u2019art\u2026<\/p>\n<p>Des valeurs dont le monde a besoin actuellement plus que jamais. Lors de l\u2019ouverture, des juifs et musulmans ont partag\u00e9 la sc\u00e8ne \u00e0 la place d\u2019El Minzeh pour un magnifique concert o\u00f9 la musique avait franchi toutes fronti\u00e8res. La preuve\u2026 tout le monde avait applaudi chaleureusement \u2018\u2019les h\u00e9rit\u00e9s d\u2019Al Andalous\u2019\u2019 qui ont chant\u00e9 un \u00abmatrouz\u00bb en arabe et en h\u00e9breu pour le plaisir des m\u00e9lomanes. La musique fl\u00e2ne dans les ruelles de la ville et ses lieux embl\u00e9matiques.<\/p>\n<p>A Dar Souiri o\u00f9 les voix de Raymonde El Bidaouia et Suzanne Harroch ont fait vibrer les murs et les remparts de la ville, en passant par Bayt Addakira o\u00f9 le patrimoine jud\u00e9o marocain dialogue avec la m\u00e9moire de la ville et l\u2019histoire ancestrale de Mogador, sans oublier bien entendu le concert exceptionnel et tr\u00e8s attendu par les festivaliers, les m\u00e9lomanes et les visiteurs qui a eu lieu \u00e0 la Zaouia Kadiriya.<\/p>\n<p>Un concert inoubliable pour certains o\u00f9 les portes de cet endroit spirituel, situ\u00e9 au c\u0153ur de la cit\u00e9, sont ouvertes pour les juifs et musulmans pour chanter, depuis minuit jusqu\u2019\u00e0 une heure tardive, des Qsaids, du Smaa et des chants de la synagogue. Une premi\u00e8re\u00a0dans l\u2019histoire de cette Cit\u00e9 qui vient d\u2019\u00eatre nomm\u00e9e \u00ab\u00a0Ville cr\u00e9ative\u00a0\u00bb par l\u2019UNESCO. Un label amplement m\u00e9rit\u00e9 pour Essaouira ne cesse de nous surprendre par ses lettres de noblesse en mettant en \u00e9vidence l\u2019humain et ses valeurs universelles.<\/p>\n<p class=\"c2\"><strong>Mohamed Nait Youssef<\/strong><\/p>\n<p>Auteur: M&rsquo;hammed rahal<br \/>\n<a href=\"http:\/\/albayane.press.ma\/la-lecon-dessaouira%EF%BB%BF.html\">Cliquez ici pour lire l&rsquo;article depuis sa source.<\/a><\/p>\n","protected":false},"excerpt":{"rendered":"<p>Une ville sereine, myst\u00e9rieuse, fascinante et tol\u00e9rante. Essaouira n\u2019a jamais cess\u00e9 de donner l\u2019exemple de cette ville plurielle o\u00f9 toutes les cultures et les religions cohabitent en toute harmonie et symbiose. C\u2019est son propre image \u00e0 elle qui porte la marque de sa singularit\u00e9\u00a0 et universalit\u00e9 depuis des d\u00e9cennies. C\u2019est l\u2019image ainsi de Mogador\u00a0qui est [&hellip;]<\/p>\n","protected":false},"author":1760,"featured_media":0,"comment_status":"closed","ping_status":"closed","sticky":false,"template":"","format":"standard","meta":{"fifu_image_url":"","fifu_image_alt":"","footnotes":""},"categories":[73,54],"tags":[],"class_list":["post-66456","post","type-post","status-publish","format-standard","hentry","category-actualite","category-maroc"],"_links":{"self":[{"href":"https:\/\/linitiative.ca\/International\/wp-json\/wp\/v2\/posts\/66456","targetHints":{"allow":["GET"]}}],"collection":[{"href":"https:\/\/linitiative.ca\/International\/wp-json\/wp\/v2\/posts"}],"about":[{"href":"https:\/\/linitiative.ca\/International\/wp-json\/wp\/v2\/types\/post"}],"author":[{"embeddable":true,"href":"https:\/\/linitiative.ca\/International\/wp-json\/wp\/v2\/users\/1760"}],"replies":[{"embeddable":true,"href":"https:\/\/linitiative.ca\/International\/wp-json\/wp\/v2\/comments?post=66456"}],"version-history":[{"count":0,"href":"https:\/\/linitiative.ca\/International\/wp-json\/wp\/v2\/posts\/66456\/revisions"}],"wp:attachment":[{"href":"https:\/\/linitiative.ca\/International\/wp-json\/wp\/v2\/media?parent=66456"}],"wp:term":[{"taxonomy":"category","embeddable":true,"href":"https:\/\/linitiative.ca\/International\/wp-json\/wp\/v2\/categories?post=66456"},{"taxonomy":"post_tag","embeddable":true,"href":"https:\/\/linitiative.ca\/International\/wp-json\/wp\/v2\/tags?post=66456"}],"curies":[{"name":"wp","href":"https:\/\/api.w.org\/{rel}","templated":true}]}}